{"id":249202,"date":"2025-09-02T16:30:32","date_gmt":"2025-09-02T14:30:32","guid":{"rendered":"https:\/\/www.messinaoggi.it\/website\/2025\/09\/02\/palermo-si-prepara-alla-tradizionale-acchianata-di-santa-rosalia\/"},"modified":"2025-09-02T16:54:48","modified_gmt":"2025-09-02T14:54:48","slug":"palermo-si-prepara-alla-tradizionale-acchianata-di-santa-rosalia","status":"publish","type":"post","link":"https:\/\/www.messinaoggi.it\/website\/2025\/09\/02\/palermo-si-prepara-alla-tradizionale-acchianata-di-santa-rosalia\/","title":{"rendered":"Palermo si prepara alla tradizionale \u201cAcchianata\u201d di Santa Rosalia"},"content":{"rendered":"<div>\n<p>PALERMO (ITALPRESS) \u2013 La devozione si mescola con l\u2019arte, in un momento tradizionale che riunisce i palermitani: <strong>tutto pronto per la terza edizione dell\u2019Acchianata delle Rosalie<\/strong>, che in occasione dell\u2019onomastico della Santuzza organizza un programma ricco di eventi che coinvolgono Monte Pellegrino dalle falde fino alla cima. L\u2019iniziativa \u00e8 stata presentata a Palazzo Ziino, a Palermo, alla presenza del sindaco Roberto Lagalla, del vicesindaco e assessore alla Cultura Giampiero Cannella, del dirigente dell\u2019Ufficio Teatri, Spettacoli e Coordinamento eventi Gaspare Simeti e del capoarea a Cultura, Turismo e Sport Domenico Verona.<div id=\"div-gpt-ad-Messinaoggi.it-DSK-300x250-corpoart\" style=\"text-align:center;margin:0 auto;\"><\/div><\/p>\n<p><strong>Si parte domani sera alle 20<\/strong> con la presentazione della statua della Santuzza installata ai piedi di Monte Pellegrino, dopodich\u00e9 partir\u00e0 la vera e propria \u201cacchianata\u201d (in dialetto palermitano significa salita) alla presenza dell\u2019arcivescovo Corrado Lorefice: all\u2019arrivo in cima \u00e8 prevista una cerimonia religiosa in onore della Santuzza. Il 4 settembre toccher\u00e0 invece agli artisti, circa 150 tra cantanti, musicisti, attori, scultori e fotografi, che si esibiranno in quattro postazioni diverse del percorso: la Stazione del Giglio alle falde, la Stazione delle Ginestre alla panoramica, la Stazione delle Rose al santuario e la Stazione delle Stelle al Belvedere.<div id=\"videoincontent\" style=\"clear:both\";><\/div><\/p>\n<p><em>\u201cIl nostro \u00e8 uno sforzo che si lega al filone di un <strong>biennio importante nel nome di Santa Rosalia<\/strong><\/em> \u2013 sottolinea Lagalla -, <em>il 400esimo anniversario e il 400+1, in coerenza di quella che \u00e8 stata la storia del 1624 e del 1625. Il 4 settembre \u00e8 l\u2019onomastico della Santuzza, quindi merita questa ideale chiusura di un ciclo importante, che per\u00f2 proseguir\u00e0 attraverso la rappresentazione e la promozione di Palermo all\u2019estero: cultura, spettacolo e intrattenimento fanno parte di quel ciclo della bellezza che guarda alla rigenerazione non solo urbana, ma a quella sociale e all\u2019impegno e all\u2019offerta culturale. Le date del 3 e 4 settembre presenteranno insieme pi\u00f9 gli aspetti profondamente religiosi che quelli di partecipazione popolare e pedagogia della comunit\u00e0\u201d.<\/em><\/p>\n<p>Tale iniziativa rappresenta per Cannella <em>\u201cnon un\u2019alternativa ma un complemento dell\u2019acchianata, che porta i palermitani al santuario di Rosalia. \u00c8 certamente un momento di riflessione, ma anche di gioia con una serie performance artistiche: l\u2019iniziativa di quest\u2019anno coinvolge circa 150 artisti palermitani, ci saranno anche il Palermo Fc ad accompagnarci alle falde di Monte Pellegrino e la vicecampionessa paralimpica Giulia Giambrone che si esibir\u00e0. L\u2019osservatorio astronomico sul belvedere di Monte Pellegrino ci permetter\u00e0 inoltre di vedere le stelle la notte del 4\u201d. Per Simeti \u201ci palermitani potranno fare questo viaggio verso il santuario di Monte Pellegrino per due giorni, avendo la possibilit\u00e0 di essere protagonisti della passeggiata verso la Santuzza; ogni artista far\u00e0 un cameo dedicato a Santa Rosalia, ci sar\u00e0 nuovamente Gi\u00f2 Di Tonno che ripercorrer\u00e0 quanto fatto il 10 luglio sul sagrato della Cattedrale\u201d.<\/em><\/p>\n<p>\u2013 Foto xd8\/Italpress \u2013<\/p>\n<p>(ITALPRESS).<\/p>\n<\/div>\n","protected":false},"excerpt":{"rendered":"<p>PALERMO (ITALPRESS) \u2013 La devozione si mescola con l\u2019arte, in un momento tradizionale che riunisce i palermitani: tutto pronto per la terza edizione dell\u2019Acchianata delle Rosalie, che in occasione dell\u2019onomastico della Santuzza organizza un programma ricco di eventi che coinvolgono Monte Pellegrino dalle falde fino alla cima. L\u2019iniziativa \u00e8 stata presentata a Palazzo Ziino, a [&hellip;]<\/p>\n","protected":false},"author":18,"featured_media":249203,"comment_status":"closed","ping_status":"closed","sticky":false,"template":"","format":"standard","meta":{"ub_ctt_via":"","_mi_skip_tracking":false},"categories":[11,2449],"tags":[783],"featured_image_src":"https:\/\/www.messinaoggi.it\/website\/wp-content\/uploads\/2025\/09\/Santa-Rosalia.jpg","author_info":{"display_name":"Admin","author_link":"https:\/\/www.messinaoggi.it\/website\/author\/admin\/"},"digistream_id":0,"digistream":false,"_links":{"self":[{"href":"https:\/\/www.messinaoggi.it\/website\/wp-json\/wp\/v2\/posts\/249202"}],"collection":[{"href":"https:\/\/www.messinaoggi.it\/website\/wp-json\/wp\/v2\/posts"}],"about":[{"href":"https:\/\/www.messinaoggi.it\/website\/wp-json\/wp\/v2\/types\/post"}],"author":[{"embeddable":true,"href":"https:\/\/www.messinaoggi.it\/website\/wp-json\/wp\/v2\/users\/18"}],"replies":[{"embeddable":true,"href":"https:\/\/www.messinaoggi.it\/website\/wp-json\/wp\/v2\/comments?post=249202"}],"version-history":[{"count":1,"href":"https:\/\/www.messinaoggi.it\/website\/wp-json\/wp\/v2\/posts\/249202\/revisions"}],"predecessor-version":[{"id":249206,"href":"https:\/\/www.messinaoggi.it\/website\/wp-json\/wp\/v2\/posts\/249202\/revisions\/249206"}],"wp:featuredmedia":[{"embeddable":true,"href":"https:\/\/www.messinaoggi.it\/website\/wp-json\/wp\/v2\/media\/249203"}],"wp:attachment":[{"href":"https:\/\/www.messinaoggi.it\/website\/wp-json\/wp\/v2\/media?parent=249202"}],"wp:term":[{"taxonomy":"category","embeddable":true,"href":"https:\/\/www.messinaoggi.it\/website\/wp-json\/wp\/v2\/categories?post=249202"},{"taxonomy":"post_tag","embeddable":true,"href":"https:\/\/www.messinaoggi.it\/website\/wp-json\/wp\/v2\/tags?post=249202"}],"curies":[{"name":"wp","href":"https:\/\/api.w.org\/{rel}","templated":true}]}}