{"id":249200,"date":"2025-09-02T16:05:37","date_gmt":"2025-09-02T14:05:37","guid":{"rendered":"https:\/\/www.messinaoggi.it\/website\/2025\/09\/02\/putin-non-ci-opponiamo-allucraina-in-ue-ma-la-nato-e-inaccettabile\/"},"modified":"2025-09-02T16:05:37","modified_gmt":"2025-09-02T14:05:37","slug":"putin-non-ci-opponiamo-allucraina-in-ue-ma-la-nato-e-inaccettabile","status":"publish","type":"post","link":"https:\/\/www.messinaoggi.it\/website\/2025\/09\/02\/putin-non-ci-opponiamo-allucraina-in-ue-ma-la-nato-e-inaccettabile\/","title":{"rendered":"Putin \u201cNon ci opponiamo all\u2019Ucraina in Ue, ma la Nato \u00e8 inaccettabile\u201d"},"content":{"rendered":"<div>TIANJIN (CINA) (ITALPRESS) &#8211; Mosca &#8220;non si oppone all&#8217;adesione dell&#8217;Ucraina all&#8217;UE&#8221;, ma l&#8217;adesione del Paese alla NATO &#8220;\u00e8 inaccettabile per noi&#8221;. Cos\u00ec il presidente russo Vladimir Putin che ha incontrato in Cina il primo ministro slovacco Robert Fico. Il conflitto in Ucraina, ha sottolineato, \u00e8 nato da un colpo di Stato sostenuto dall&#8217;Occidente e Mosca \u00e8 stata &#8220;costretta a proteggere le persone che hanno legato il loro destino a quello della Russia&#8221;. La Russia, ha proseguito Putin, &#8220;ha tollerato a lungo gli attacchi ucraini alle infrastrutture energetiche&#8221;, ma alla fine &#8220;ha risposto con la forza&#8221;. Putin ha anche negato le affermazioni secondo cui la Russia intende attaccare l&#8217;Europa, affermando che tali narrazioni equivalgono a &#8220;isteria&#8221; da parte dell&#8217;Occidente. <br \/>Anche il premier slovacco ha espresso preoccupazione per gli attacchi ucraini alle infrastrutture petrolifere. &#8220;Venerd\u00ec incontrer\u00f2 il presidente dell&#8217;Ucraina a Uzhgorod. Sollever\u00f2 la questione con la massima seriet\u00e0, perch\u00e8 \u00e8 impossibile che attacchi del genere possano essere perpetrati contro infrastrutture cos\u00ec importanti per noi&#8221;, ha detto Fico.<br \/>(ITALPRESS).<div id=\"div-gpt-ad-Messinaoggi.it-DSK-300x250-corpoart\" style=\"text-align:center;margin:0 auto;\"><\/div><\/p>\n<p>&#8211; foto: Ipa Agency &#8211;<div id=\"videoincontent\" style=\"clear:both\";><\/div><\/p><\/div>\n","protected":false},"excerpt":{"rendered":"<p>TIANJIN (CINA) (ITALPRESS) &#8211; Mosca &#8220;non si oppone all&#8217;adesione dell&#8217;Ucraina all&#8217;UE&#8221;, ma l&#8217;adesione del Paese alla NATO &#8220;\u00e8 inaccettabile per noi&#8221;. Cos\u00ec il presidente russo Vladimir Putin che ha incontrato in Cina il primo ministro slovacco Robert Fico. Il conflitto in Ucraina, ha sottolineato, \u00e8 nato da un colpo di Stato sostenuto dall&#8217;Occidente e Mosca [&hellip;]<\/p>\n","protected":false},"author":18,"featured_media":249201,"comment_status":"closed","ping_status":"closed","sticky":false,"template":"","format":"standard","meta":{"ub_ctt_via":"","_mi_skip_tracking":false},"categories":[446],"tags":[783],"featured_image_src":"https:\/\/www.messinaoggi.it\/website\/wp-content\/uploads\/2025\/09\/20250902_0715.jpg","author_info":{"display_name":"Admin","author_link":"https:\/\/www.messinaoggi.it\/website\/author\/admin\/"},"digistream_id":0,"digistream":false,"_links":{"self":[{"href":"https:\/\/www.messinaoggi.it\/website\/wp-json\/wp\/v2\/posts\/249200"}],"collection":[{"href":"https:\/\/www.messinaoggi.it\/website\/wp-json\/wp\/v2\/posts"}],"about":[{"href":"https:\/\/www.messinaoggi.it\/website\/wp-json\/wp\/v2\/types\/post"}],"author":[{"embeddable":true,"href":"https:\/\/www.messinaoggi.it\/website\/wp-json\/wp\/v2\/users\/18"}],"replies":[{"embeddable":true,"href":"https:\/\/www.messinaoggi.it\/website\/wp-json\/wp\/v2\/comments?post=249200"}],"version-history":[{"count":0,"href":"https:\/\/www.messinaoggi.it\/website\/wp-json\/wp\/v2\/posts\/249200\/revisions"}],"wp:featuredmedia":[{"embeddable":true,"href":"https:\/\/www.messinaoggi.it\/website\/wp-json\/wp\/v2\/media\/249201"}],"wp:attachment":[{"href":"https:\/\/www.messinaoggi.it\/website\/wp-json\/wp\/v2\/media?parent=249200"}],"wp:term":[{"taxonomy":"category","embeddable":true,"href":"https:\/\/www.messinaoggi.it\/website\/wp-json\/wp\/v2\/categories?post=249200"},{"taxonomy":"post_tag","embeddable":true,"href":"https:\/\/www.messinaoggi.it\/website\/wp-json\/wp\/v2\/tags?post=249200"}],"curies":[{"name":"wp","href":"https:\/\/api.w.org\/{rel}","templated":true}]}}