{"id":249198,"date":"2025-09-02T14:30:35","date_gmt":"2025-09-02T12:30:35","guid":{"rendered":"https:\/\/www.messinaoggi.it\/website\/2025\/09\/02\/palermo-nel-quartiere-danisinni-al-via-la-rassegna-fiume-di-vita\/"},"modified":"2025-09-02T14:30:35","modified_gmt":"2025-09-02T12:30:35","slug":"palermo-nel-quartiere-danisinni-al-via-la-rassegna-fiume-di-vita","status":"publish","type":"post","link":"https:\/\/www.messinaoggi.it\/website\/2025\/09\/02\/palermo-nel-quartiere-danisinni-al-via-la-rassegna-fiume-di-vita\/","title":{"rendered":"Palermo, nel quartiere Danisinni al via la rassegna \u201cFiume di Vita\u201d"},"content":{"rendered":"<div>\n<p>PALERMO (ITALPRESS) \u2013 <strong>La citt\u00e0 di Palermo si prepara a vivere \u201cFiume di Vita\u201d<\/strong>, una rassegna culturale e artistica che dal 5 al 14 settembre animer\u00e0 il quartiere di <strong>Danisinni,<\/strong> trasformando questo angolo urbano, in un laboratorio di bellezza e partecipazione. L\u2019iniziativa, avviata da diversi anni dalla comunit\u00e0 di Danisinni ETS con il sostegno della parrocchia Sant\u2019Agnese, si inserisce nel pi\u00f9 ampio progetto Mosaicando, finanziato dal Ministero del Turismo, che mira a promuovere una nuova narrazione del territorio con attenzione alla legalit\u00e0 e sostenibilit\u00e0.<div id=\"div-gpt-ad-Messinaoggi.it-DSK-300x250-corpoart\" style=\"text-align:center;margin:0 auto;\"><\/div><\/p>\n<p>Il progetto Mosaicando \u2013 Palermo arabo-normanna e le cattedrali di Cefal\u00f9 e Monreale ha l\u2019obiettivo di migliorare l\u2019accessibilit\u00e0 e la valorizzazione dei luoghi storici presenti nel quartiere palermitano, attivando un collegamento simbolico, ma reale, tra il bassopiano di Danisinni e la parte alta del rione. Il percorso si sviluppa fino a raggiungere il Palazzo dell\u2019Emiro e il castello della Zisa, affinch\u00e9 questi luoghi, spesso trascurati ma inseriti a pieno titolo nell\u2019intinerario arabo-normanno, possano avere la giusta visibilit\u00e0. Pitture murali, performance, suoni, parole e gesti condivisi, coinvolgeranno durante i dieci giorni di manifestazione, cittadini, ma anche artisti, associazioni, scuole, turisti e istituzioni locali, attraverso una serie di eventi, che prevedono laboratori, installazioni e azioni creative.<div id=\"videoincontent\" style=\"clear:both\";><\/div><\/p>\n<p><em>\u201cL\u2019iniziativa Fiume di Vita, promossa dalla comunit\u00e0 di Danisinni ETS con il sostegno della parrocchia Sant\u2019Agnese, finanziata dal progetto Mosaicando, rappresenta un esempio concreto di come la cultura, l\u2019arte e la partecipazione civica possano diventare strumenti di rigenerazione urbana e sociale e nello stesso tempo anche di promozione turistica. Il comune di Palermo sostiene con convinzione questo percorso, che contribuisce a valorizzare il patrimonio storico e umano di Danisinni, un quartiere che ha tanto da raccontare e offrire alla citt\u00e0, tanto da candidarsi a intercettare i turisti che interessati all\u2019itinerario arabo normanno, e passando dal castello della Zisa al Palazzo dei Normanni e viceversa, possano entrare in contatto con la comunit\u00e0 di Danisinni\u201d<\/em> ha dichiarato Roberto <strong>Lagalla,<\/strong> sindaco di Palermo.<\/p>\n<p><em> \u201cProgetti come Mosaicando rafforzano l\u2019accessibilit\u00e0 e la connessione tra le diverse parti del rione, creando ponti \u2013 non solo simbolici \u2013 tra spazi troppo spesso dimenticati. In questa stessa ottica, il Comune si \u00e8 fortemente impegnato per la riapertura dell\u2019asilo di Danisinni, un presidio fondamentale per le famiglie e per il futuro del territorio. Crediamo che investire in servizi educativi e in cultura sia la chiave per costruire una citt\u00e0 pi\u00f9 giusta, coesa e inclusiva. Danisinni \u00e8 un cuore pulsante di Palermo e merita attenzione, cura e opportunit\u00e0: Fiume di Vita, attraverso la visione integrata di valorizzazione turistica di Mosaicando va esattamente in questa direzione\u201d<\/em> ha concluso il primo cittadino.<\/p>\n<p>\u2013 foto ufficio stampa Mosaicando \u2013<\/p>\n<p>(ITALPRESS).<\/p>\n<\/div>\n","protected":false},"excerpt":{"rendered":"<p>PALERMO (ITALPRESS) \u2013 La citt\u00e0 di Palermo si prepara a vivere \u201cFiume di Vita\u201d, una rassegna culturale e artistica che dal 5 al 14 settembre animer\u00e0 il quartiere di Danisinni, trasformando questo angolo urbano, in un laboratorio di bellezza e partecipazione. L\u2019iniziativa, avviata da diversi anni dalla comunit\u00e0 di Danisinni ETS con il sostegno della [&hellip;]<\/p>\n","protected":false},"author":18,"featured_media":249199,"comment_status":"closed","ping_status":"closed","sticky":false,"template":"","format":"standard","meta":{"ub_ctt_via":"","_mi_skip_tracking":false},"categories":[2449],"tags":[783],"featured_image_src":"https:\/\/www.messinaoggi.it\/website\/wp-content\/uploads\/2025\/09\/Lagalla-1.jpg","author_info":{"display_name":"Admin","author_link":"https:\/\/www.messinaoggi.it\/website\/author\/admin\/"},"digistream_id":0,"digistream":false,"_links":{"self":[{"href":"https:\/\/www.messinaoggi.it\/website\/wp-json\/wp\/v2\/posts\/249198"}],"collection":[{"href":"https:\/\/www.messinaoggi.it\/website\/wp-json\/wp\/v2\/posts"}],"about":[{"href":"https:\/\/www.messinaoggi.it\/website\/wp-json\/wp\/v2\/types\/post"}],"author":[{"embeddable":true,"href":"https:\/\/www.messinaoggi.it\/website\/wp-json\/wp\/v2\/users\/18"}],"replies":[{"embeddable":true,"href":"https:\/\/www.messinaoggi.it\/website\/wp-json\/wp\/v2\/comments?post=249198"}],"version-history":[{"count":0,"href":"https:\/\/www.messinaoggi.it\/website\/wp-json\/wp\/v2\/posts\/249198\/revisions"}],"wp:featuredmedia":[{"embeddable":true,"href":"https:\/\/www.messinaoggi.it\/website\/wp-json\/wp\/v2\/media\/249199"}],"wp:attachment":[{"href":"https:\/\/www.messinaoggi.it\/website\/wp-json\/wp\/v2\/media?parent=249198"}],"wp:term":[{"taxonomy":"category","embeddable":true,"href":"https:\/\/www.messinaoggi.it\/website\/wp-json\/wp\/v2\/categories?post=249198"},{"taxonomy":"post_tag","embeddable":true,"href":"https:\/\/www.messinaoggi.it\/website\/wp-json\/wp\/v2\/tags?post=249198"}],"curies":[{"name":"wp","href":"https:\/\/api.w.org\/{rel}","templated":true}]}}