{"id":249192,"date":"2025-09-02T14:05:38","date_gmt":"2025-09-02T12:05:38","guid":{"rendered":"https:\/\/www.messinaoggi.it\/website\/2025\/09\/02\/il-belgio-riconoscera-lo-stato-di-palestina-e-imporra-sanzioni-a-israele\/"},"modified":"2025-09-02T14:05:38","modified_gmt":"2025-09-02T12:05:38","slug":"il-belgio-riconoscera-lo-stato-di-palestina-e-imporra-sanzioni-a-israele","status":"publish","type":"post","link":"https:\/\/www.messinaoggi.it\/website\/2025\/09\/02\/il-belgio-riconoscera-lo-stato-di-palestina-e-imporra-sanzioni-a-israele\/","title":{"rendered":"Il Belgio riconoscer\u00e0 lo Stato di Palestina e imporr\u00e0 sanzioni a Israele"},"content":{"rendered":"<div>BRUXELLES (BELGIO) (ITALPRESS) &#8211;<em> &#8220;La Palestina sar\u00e0 riconosciuta dal Belgio all&#8217;Assemblea generale delle Nazioni Unite. Saranno imposte severe sanzioni al governo israeliano&#8221;<\/em>. Lo ha scritto in un post su X il ministro degli Esteri belga, Maxime <strong>Pr\u00e8vot.<\/strong> <em>&#8220;Alla luce della tragedia umanitaria in corso in Palestina, in particolare a Gaza, e di fronte alla violenza commessa da Israele in violazione del diritto internazionale, il Belgio \u00e8 stato costretto a prendere decisioni drastiche per aumentare la pressione sul governo israeliano e sui terroristi di Hamas&#8221;<\/em>, ha aggiunto il capo della diplomazia belga.<div id=\"div-gpt-ad-Messinaoggi.it-DSK-300x250-corpoart\" style=\"text-align:center;margin:0 auto;\"><\/div><\/p>\n<p>&#8211; foto: Ipa Agency &#8211;<div id=\"videoincontent\" style=\"clear:both\";><\/div><\/p><\/div>\n","protected":false},"excerpt":{"rendered":"<p>BRUXELLES (BELGIO) (ITALPRESS) &#8211; &#8220;La Palestina sar\u00e0 riconosciuta dal Belgio all&#8217;Assemblea generale delle Nazioni Unite. Saranno imposte severe sanzioni al governo israeliano&#8221;. Lo ha scritto in un post su X il ministro degli Esteri belga, Maxime Pr\u00e8vot. &#8220;Alla luce della tragedia umanitaria in corso in Palestina, in particolare a Gaza, e di fronte alla violenza [&hellip;]<\/p>\n","protected":false},"author":18,"featured_media":249193,"comment_status":"closed","ping_status":"closed","sticky":false,"template":"","format":"standard","meta":{"ub_ctt_via":"","_mi_skip_tracking":false},"categories":[446],"tags":[783],"featured_image_src":"https:\/\/www.messinaoggi.it\/website\/wp-content\/uploads\/2025\/09\/20250902_0528.jpg","author_info":{"display_name":"Admin","author_link":"https:\/\/www.messinaoggi.it\/website\/author\/admin\/"},"digistream_id":0,"digistream":false,"_links":{"self":[{"href":"https:\/\/www.messinaoggi.it\/website\/wp-json\/wp\/v2\/posts\/249192"}],"collection":[{"href":"https:\/\/www.messinaoggi.it\/website\/wp-json\/wp\/v2\/posts"}],"about":[{"href":"https:\/\/www.messinaoggi.it\/website\/wp-json\/wp\/v2\/types\/post"}],"author":[{"embeddable":true,"href":"https:\/\/www.messinaoggi.it\/website\/wp-json\/wp\/v2\/users\/18"}],"replies":[{"embeddable":true,"href":"https:\/\/www.messinaoggi.it\/website\/wp-json\/wp\/v2\/comments?post=249192"}],"version-history":[{"count":0,"href":"https:\/\/www.messinaoggi.it\/website\/wp-json\/wp\/v2\/posts\/249192\/revisions"}],"wp:featuredmedia":[{"embeddable":true,"href":"https:\/\/www.messinaoggi.it\/website\/wp-json\/wp\/v2\/media\/249193"}],"wp:attachment":[{"href":"https:\/\/www.messinaoggi.it\/website\/wp-json\/wp\/v2\/media?parent=249192"}],"wp:term":[{"taxonomy":"category","embeddable":true,"href":"https:\/\/www.messinaoggi.it\/website\/wp-json\/wp\/v2\/categories?post=249192"},{"taxonomy":"post_tag","embeddable":true,"href":"https:\/\/www.messinaoggi.it\/website\/wp-json\/wp\/v2\/tags?post=249192"}],"curies":[{"name":"wp","href":"https:\/\/api.w.org\/{rel}","templated":true}]}}