{"id":249190,"date":"2025-09-02T14:05:36","date_gmt":"2025-09-02T12:05:36","guid":{"rendered":"https:\/\/www.messinaoggi.it\/website\/2025\/09\/02\/il-progetto-cuori-olimpici-fa-tappa-a-lecco-e-celebra-la-montagna\/"},"modified":"2025-09-02T14:05:36","modified_gmt":"2025-09-02T12:05:36","slug":"il-progetto-cuori-olimpici-fa-tappa-a-lecco-e-celebra-la-montagna","status":"publish","type":"post","link":"https:\/\/www.messinaoggi.it\/website\/2025\/09\/02\/il-progetto-cuori-olimpici-fa-tappa-a-lecco-e-celebra-la-montagna\/","title":{"rendered":"Il progetto \u201cCuori Olimpici\u201d fa tappa a Lecco e celebra la montagna"},"content":{"rendered":"<div>LECCO (ITALPRESS) &#8211; I Piani d&#8217;Erna hanno ospitato &#8220;Lecco Ama la Montagna&#8221;, ottava tappa di &#8220;Il cuore dei giochi olimpici e paralimpici invernali di Milano &#8211; Cortina 2026&#8221;, il progetto di avvicinamento ai Giochi Invernali del 2026, promosso dall&#8217;Assessorato al Turismo di Regione Lombardia. Un percorso di eventi esperienziali che coinvolge tutte le 12 province lombarde. L&#8217;obiettivo \u00e8 duplice: da un lato promuovere l&#8217;identit\u00e0 e le eccellenze locali in vista delle Olimpiadi, dall&#8217;altro favorire una narrazione unitaria e coinvolgente del turismo lombardo, capace di parlare alle comunit\u00e0 e ai visitatori italiani e internazionali. L&#8217;appuntamento lecchese, organizzato in collaborazione con il Comune di Lecco e LeccoTourism, si \u00e8 svolto tra esperienze guidate in montagna con esperti del territorio, aperte anche a persone con disabilit\u00e0, laboratori per bambini e famiglie e musica live con gli artisti internazionali Liliac Will e Rachel Croft. In coincidenza con la rassegna, a Punta Cermenati, si sono svolte le celebrazioni per il centenario della posa della Croce sul monte Resegone, celebre manufatto simbolo della vetta e della citt\u00e0 di Lecco.<br \/>A fine giornata, i saluti istituzionali dell&#8217;Assessore al Turismo, Marketing territoriale e Moda di Regione Lombardia, Barbara Mazzali, del sindaco di Lecco, Mauro Gattinoni, e dell&#8217;assessore all&#8217;Attrattivit\u00e0 territoriale del Comune di Lecco, Giovanni Cattaneo. Alla cerimonia di chiusura ha partecipato anche Vittorio Brumotti, noto campione di Bike Trial, disciplina ciclistica legata al mondo outdoor e testimonial del progetto Cuori Olimpici.<br \/>&#8220;Lecco ama la Montagna&#8221; \u00e8 un palinsesto che valorizza il territorio, le sue montagne, i Piani d&#8217; Erna e il Resegone, simbolo della citt\u00e0 di Lecco, a 100 anni dalla posa della croce sulla sua cima &#8211; hanno sottolineato il sindaco Gattinoni e l&#8217;assessore Cattaneo &#8211; . Una rassegna che ci accompagna verso le imminenti Olimpiadi e Paralimpiadi invernali di Milano Cortina 2026 e accende un ulteriore riflettore su quanto la nostra citt\u00e0 \u00e8 in grado di offrire ai cittadini e ai sempre pi\u00f9 numerosi visitatori e turisti&#8221;.  <br \/>&#8220;&#8216;Lecco Ama la montagn\u00e0 non \u00e8 solo una tappa del progetto regionale &#8216;Cuori Olimpic\u00ec, \u00e8 il respiro profondo della Lombardia in alta quota, che incontra il ritmo universale dello sport &#8211;  \u00e8 intervenuta l&#8217;Assessore Mazzali &#8211; Salire in funivia ai Piani d&#8217;Erna, un vero e proprio anfiteatro naturale, significa staccarsi dal quotidiano e librarsi fra cielo e boschi: a 1.300 metri l&#8217;aria \u00e8 pi\u00f9 tersa, i pensieri si fanno leggeri e lo sguardo abbraccia l&#8217;inconfondibile profilo del Monte Resegone, simbolo del territorio. Sotto di noi, la citt\u00e0 sembra un gioiello incastonato nella valle, mentre il panorama si apre fino all&#8217;ultimo orizzonte alpino. Oggi abbiamo trasformato questo &#8220;balcone di Lecco&#8221; in un palcoscenico di emozioni olimpiche. Atleti, famiglie, turisti e comunit\u00e0 locali hanno condiviso un&#8217;energia contagiosa fatta di inclusione, passione e rispetto per l&#8217;ambiente, valori che porteremo anche verso Milano Cortina 2026. Infatti, il nostro obiettivo \u00e8 anche quello di far riscoprire alle nuove generazioni il valore inestimabile del patrimonio naturale lombardo&#8221;. Il progetto Cuori Olimpici e, in particolare, la tappa di Lecco \u00e8 stata supportata da Sopra Steria, BV Tech, Arthur D. Little, sponsor dell&#8217;iniziativa.<br \/>&#8211; foto xm4\/Italpress- <br \/>(ITALPRESS).<\/div>\n<div id=\"div-gpt-ad-Messinaoggi.it-DSK-300x250-corpoart\" style=\"text-align:center;margin:0 auto;\"><\/div><\/p><div id=\"videoincontent\" style=\"clear:both\";><\/div>","protected":false},"excerpt":{"rendered":"<p>LECCO (ITALPRESS) &#8211; I Piani d&#8217;Erna hanno ospitato &#8220;Lecco Ama la Montagna&#8221;, ottava tappa di &#8220;Il cuore dei giochi olimpici e paralimpici invernali di Milano &#8211; Cortina 2026&#8221;, il progetto di avvicinamento ai Giochi Invernali del 2026, promosso dall&#8217;Assessorato al Turismo di Regione Lombardia. Un percorso di eventi esperienziali che coinvolge tutte le 12 province [&hellip;]<\/p>\n","protected":false},"author":18,"featured_media":249191,"comment_status":"closed","ping_status":"closed","sticky":false,"template":"","format":"standard","meta":{"ub_ctt_via":"","_mi_skip_tracking":false},"categories":[446],"tags":[783],"featured_image_src":"https:\/\/www.messinaoggi.it\/website\/wp-content\/uploads\/2025\/09\/20250902_0492.jpg","author_info":{"display_name":"Admin","author_link":"https:\/\/www.messinaoggi.it\/website\/author\/admin\/"},"digistream_id":0,"digistream":false,"_links":{"self":[{"href":"https:\/\/www.messinaoggi.it\/website\/wp-json\/wp\/v2\/posts\/249190"}],"collection":[{"href":"https:\/\/www.messinaoggi.it\/website\/wp-json\/wp\/v2\/posts"}],"about":[{"href":"https:\/\/www.messinaoggi.it\/website\/wp-json\/wp\/v2\/types\/post"}],"author":[{"embeddable":true,"href":"https:\/\/www.messinaoggi.it\/website\/wp-json\/wp\/v2\/users\/18"}],"replies":[{"embeddable":true,"href":"https:\/\/www.messinaoggi.it\/website\/wp-json\/wp\/v2\/comments?post=249190"}],"version-history":[{"count":0,"href":"https:\/\/www.messinaoggi.it\/website\/wp-json\/wp\/v2\/posts\/249190\/revisions"}],"wp:featuredmedia":[{"embeddable":true,"href":"https:\/\/www.messinaoggi.it\/website\/wp-json\/wp\/v2\/media\/249191"}],"wp:attachment":[{"href":"https:\/\/www.messinaoggi.it\/website\/wp-json\/wp\/v2\/media?parent=249190"}],"wp:term":[{"taxonomy":"category","embeddable":true,"href":"https:\/\/www.messinaoggi.it\/website\/wp-json\/wp\/v2\/categories?post=249190"},{"taxonomy":"post_tag","embeddable":true,"href":"https:\/\/www.messinaoggi.it\/website\/wp-json\/wp\/v2\/tags?post=249190"}],"curies":[{"name":"wp","href":"https:\/\/api.w.org\/{rel}","templated":true}]}}