{"id":249182,"date":"2025-09-02T12:21:08","date_gmt":"2025-09-02T10:21:08","guid":{"rendered":"http:\/\/www.messinaoggi.it\/website\/?p=249182"},"modified":"2025-09-02T12:21:17","modified_gmt":"2025-09-02T10:21:17","slug":"alunni-in-divisa-buonocore-fi-non-imposizione-ma-strumento-di-uguaglianza","status":"publish","type":"post","link":"https:\/\/www.messinaoggi.it\/website\/2025\/09\/02\/alunni-in-divisa-buonocore-fi-non-imposizione-ma-strumento-di-uguaglianza\/","title":{"rendered":"Alunni in divisa, Buonocore (FI): &#8220;Non imposizione, ma strumento di uguaglianza&#8221;"},"content":{"rendered":"\n<p>La capogruppo di Forza Italia in Consiglio comunale, <strong>Concetta Buonocore,<\/strong> condivide e motiva l\u2019iniziativa della dirigente scolastica dell\u2019Istituto Mazzini-Gallo, <strong>Enrica Marano<\/strong>, di stabilire l&#8217;uso della divisa scolastica per gli alunni, in attesa del ritorno in classe di molti ragazzi dopo le vacanze estive. <div id=\"div-gpt-ad-Messinaoggi.it-DSK-300x250-corpoart\" style=\"text-align:center;margin:0 auto;\"><\/div><\/p>\n\n\n\n<p>&#8220;La libert\u00e0 nasce dall\u2019uguaglianza, non dal privilegio. In Italia la divisa scolastica \u00e8 spesso vista come imposizione, ma in realt\u00e0 \u00e8 uno strumento di coesione, sicurezza e rispetto reciproco. La dirigente dell\u2019Istituto Mazzini-Gallo, Enrica Marano, l\u2019ha introdotta con coraggio, seguendo modelli di Regno Unito, Giappone e Australia. Aristotele ricordava che l\u2019uomo realizza la libert\u00e0 vivendo in comunit\u00e0; Rousseau ammoniva che senza regole condivise la libert\u00e0 diventa privilegio; Tocqueville evidenziava che libert\u00e0 e uguaglianza devono procedere insieme&#8221; si esprime cos\u00ec Buonocore. <div id=\"videoincontent\" style=\"clear:both\";><\/div><\/p>\n\n\n\n<p>&#8220;La divisa riduce le disparit\u00e0, previene il bullismo e valorizza la personalit\u00e0 nello studio, nello sport e nell\u2019arte. Non reprime: libera tutti allo stesso modo&#8221; conclude. <\/p>\n","protected":false},"excerpt":{"rendered":"<p>La capogruppo di Forza Italia in Consiglio comunale, Concetta Buonocore, condivide e motiva l\u2019iniziativa della dirigente scolastica dell\u2019Istituto Mazzini-Gallo, Enrica Marano, di stabilire l&#8217;uso della divisa scolastica per gli alunni, in attesa del ritorno in classe di molti ragazzi dopo le vacanze estive. &#8220;La libert\u00e0 nasce dall\u2019uguaglianza, non dal privilegio. In Italia la divisa scolastica [&hellip;]<\/p>\n","protected":false},"author":15,"featured_media":249185,"comment_status":"open","ping_status":"open","sticky":false,"template":"","format":"standard","meta":{"ub_ctt_via":"","_mi_skip_tracking":false},"categories":[4,6],"tags":[11406,11653,11654,11652,11655],"featured_image_src":"https:\/\/www.messinaoggi.it\/website\/wp-content\/uploads\/2025\/09\/Concetta-Buonocore_Capogruppo-Forza-Italia-Comune-Messina.jpeg","author_info":{"display_name":"red.me","author_link":"https:\/\/www.messinaoggi.it\/website\/author\/red-me\/"},"digistream_id":0,"digistream":false,"_links":{"self":[{"href":"https:\/\/www.messinaoggi.it\/website\/wp-json\/wp\/v2\/posts\/249182"}],"collection":[{"href":"https:\/\/www.messinaoggi.it\/website\/wp-json\/wp\/v2\/posts"}],"about":[{"href":"https:\/\/www.messinaoggi.it\/website\/wp-json\/wp\/v2\/types\/post"}],"author":[{"embeddable":true,"href":"https:\/\/www.messinaoggi.it\/website\/wp-json\/wp\/v2\/users\/15"}],"replies":[{"embeddable":true,"href":"https:\/\/www.messinaoggi.it\/website\/wp-json\/wp\/v2\/comments?post=249182"}],"version-history":[{"count":2,"href":"https:\/\/www.messinaoggi.it\/website\/wp-json\/wp\/v2\/posts\/249182\/revisions"}],"predecessor-version":[{"id":249184,"href":"https:\/\/www.messinaoggi.it\/website\/wp-json\/wp\/v2\/posts\/249182\/revisions\/249184"}],"wp:featuredmedia":[{"embeddable":true,"href":"https:\/\/www.messinaoggi.it\/website\/wp-json\/wp\/v2\/media\/249185"}],"wp:attachment":[{"href":"https:\/\/www.messinaoggi.it\/website\/wp-json\/wp\/v2\/media?parent=249182"}],"wp:term":[{"taxonomy":"category","embeddable":true,"href":"https:\/\/www.messinaoggi.it\/website\/wp-json\/wp\/v2\/categories?post=249182"},{"taxonomy":"post_tag","embeddable":true,"href":"https:\/\/www.messinaoggi.it\/website\/wp-json\/wp\/v2\/tags?post=249182"}],"curies":[{"name":"wp","href":"https:\/\/api.w.org\/{rel}","templated":true}]}}