{"id":249160,"date":"2025-09-02T10:26:54","date_gmt":"2025-09-02T08:26:54","guid":{"rendered":"http:\/\/www.messinaoggi.it\/website\/?p=249160"},"modified":"2025-09-02T10:26:55","modified_gmt":"2025-09-02T08:26:55","slug":"via-ugo-bassi-divieti-per-lavori-fognari","status":"publish","type":"post","link":"https:\/\/www.messinaoggi.it\/website\/2025\/09\/02\/via-ugo-bassi-divieti-per-lavori-fognari\/","title":{"rendered":"Via Ugo Bassi, divieti per lavori fognari"},"content":{"rendered":"\n<p><strong>Lavori di manutenzione di un tratto di condotta fognaria in via Ugo Bassi.<\/strong><div id=\"div-gpt-ad-Messinaoggi.it-DSK-300x250-corpoart\" style=\"text-align:center;margin:0 auto;\"><\/div><\/p>\n\n\n\n<p>Previsti provvedimenti viabili dalle ore 8 di mercoled\u00ec 3 sino alle 17 di gioved\u00ec 4 settembre, in via Ugo Bassi, nel tratto compreso tra le vie XXVII Luglio e Nicola Fabrizi, affinch\u00e9 AMAM S.p.A. possa eseguire lavori di manutenzione di una condotta fognaria. Pertanto, nel predetto tratto, vigeranno il divieto di sosta, 0-24, con zona rimozione coatta, in entrambi i lati, garantendo in sicurezza la continuit\u00e0 del transito veicolare e pedonale, e il limite massimo di velocit\u00e0 di 30 km\/h.<div id=\"videoincontent\" style=\"clear:both\";><\/div><\/p>\n\n\n\n<p><strong>Lavori di manutenzione di un tratto di condotta fognaria in via Gelone.<\/strong><\/p>\n\n\n\n<p>Per consentire ad AMAM S.p.A. lavori di manutenzione di una condotta fognaria in via Gelone, nel tratto compreso tra le vie Noviziato Casazza e della Palestra Comunale, sono stati adottati provvedimenti viabili. Pertanto venerd\u00ec 5 settembre, dalle ore 8 sino alle 18, saranno istituiti nel predetto tratto il divieto di sosta, con zona rimozione coatta, in entrambi i lati, e il divieto di transito veicolare ad eccezione dei residenti e di tutti i titolari di accessi laterali ivi insistenti.<\/p>\n","protected":false},"excerpt":{"rendered":"<p>Lavori di manutenzione di un tratto di condotta fognaria in via Ugo Bassi. Previsti provvedimenti viabili dalle ore 8 di mercoled\u00ec 3 sino alle 17 di gioved\u00ec 4 settembre, in via Ugo Bassi, nel tratto compreso tra le vie XXVII Luglio e Nicola Fabrizi, affinch\u00e9 AMAM S.p.A. possa eseguire lavori di manutenzione di una condotta [&hellip;]<\/p>\n","protected":false},"author":2,"featured_media":246662,"comment_status":"open","ping_status":"open","sticky":false,"template":"","format":"standard","meta":{"ub_ctt_via":"","_mi_skip_tracking":false},"categories":[5],"tags":[],"featured_image_src":"https:\/\/www.messinaoggi.it\/website\/wp-content\/uploads\/2025\/07\/viabilita-1.jpg","author_info":{"display_name":"Redazione","author_link":"https:\/\/www.messinaoggi.it\/website\/author\/redazione\/"},"digistream_id":0,"digistream":false,"_links":{"self":[{"href":"https:\/\/www.messinaoggi.it\/website\/wp-json\/wp\/v2\/posts\/249160"}],"collection":[{"href":"https:\/\/www.messinaoggi.it\/website\/wp-json\/wp\/v2\/posts"}],"about":[{"href":"https:\/\/www.messinaoggi.it\/website\/wp-json\/wp\/v2\/types\/post"}],"author":[{"embeddable":true,"href":"https:\/\/www.messinaoggi.it\/website\/wp-json\/wp\/v2\/users\/2"}],"replies":[{"embeddable":true,"href":"https:\/\/www.messinaoggi.it\/website\/wp-json\/wp\/v2\/comments?post=249160"}],"version-history":[{"count":1,"href":"https:\/\/www.messinaoggi.it\/website\/wp-json\/wp\/v2\/posts\/249160\/revisions"}],"predecessor-version":[{"id":249161,"href":"https:\/\/www.messinaoggi.it\/website\/wp-json\/wp\/v2\/posts\/249160\/revisions\/249161"}],"wp:featuredmedia":[{"embeddable":true,"href":"https:\/\/www.messinaoggi.it\/website\/wp-json\/wp\/v2\/media\/246662"}],"wp:attachment":[{"href":"https:\/\/www.messinaoggi.it\/website\/wp-json\/wp\/v2\/media?parent=249160"}],"wp:term":[{"taxonomy":"category","embeddable":true,"href":"https:\/\/www.messinaoggi.it\/website\/wp-json\/wp\/v2\/categories?post=249160"},{"taxonomy":"post_tag","embeddable":true,"href":"https:\/\/www.messinaoggi.it\/website\/wp-json\/wp\/v2\/tags?post=249160"}],"curies":[{"name":"wp","href":"https:\/\/api.w.org\/{rel}","templated":true}]}}