{"id":249151,"date":"2025-09-02T10:18:19","date_gmt":"2025-09-02T08:18:19","guid":{"rendered":"http:\/\/www.messinaoggi.it\/website\/?p=249151"},"modified":"2025-09-02T10:18:20","modified_gmt":"2025-09-02T08:18:20","slug":"camaro-sottomontagna-sorgera-un-parco-urbano","status":"publish","type":"post","link":"https:\/\/www.messinaoggi.it\/website\/2025\/09\/02\/camaro-sottomontagna-sorgera-un-parco-urbano\/","title":{"rendered":"Camaro Sottomontagna, sorger\u00e0 un Parco urbano"},"content":{"rendered":"\n<p>A Camaro Sottomontagna, nell&#8217;area in cui c\u2019erano\u00a0circa 65\u00a0baracche sorger\u00e0 un parco urbano. L\u2019area sotto il vecchio ponte delle Ferrovie, totalmente sgomberata e bonificata \u00e8 un altro tassello importante nel percorso di risanamento portato avanti dalla Struttura Commissariale guidata dal presidente della Regione Renato Schifani e sar\u00e0 consegnata gioved\u00ec al Comune di Messina che realizzer\u00e0 un parco urbano.<div id=\"div-gpt-ad-Messinaoggi.it-DSK-300x250-corpoart\" style=\"text-align:center;margin:0 auto;\"><\/div><\/p>\n\n\n\n<p>Le demolizioni delle baracche sono iniziate il 30 dicembre 2024 e si sono conclusi il 19 agosto consentendo in tempi europei la restituzione di un\u2019importante parte del territorio, proprio all\u2019uscita dello svincolo autostradale, alla fruizione pubblica.<div id=\"videoincontent\" style=\"clear:both\";><\/div><\/p>\n\n\n\n<p>Soddisfatto per la tempistica dei lavori il sub commissario al risanamento Santi Trovato che da febbraio sta seguendo con estrema attenzione le diverse attivit\u00e0 dell\u2019Ufficio Commissariale.<\/p>\n\n\n\n<p>In otto mesi nell\u2019area di Camaro Sottomontagna, di 2.280 mq, \u00e8 stata demolita l\u2019ampia baraccopoli e sono stati conclusi i lavori di messa in sicurezza, le operazioni di disattivazione dei sottoservizi (linee elettriche, fibra ottica, reti idriche e fognarie), rimossi i materiali contenenti amianto e completata la bonifica. L\u2019assegnazione degli alloggi ai 65 nuclei familiari residenti nelle baracche, si \u00e8 conclusa nell\u2019aprile dello scorso anno.<\/p>\n\n\n\n<p>\u201cIl risanamento \u00e8 un\u2019attivit\u00e0 complessa che ci consente da un lato di dare alloggi dignitosi a chi ancora oggi vive in condizioni di fortissimo disagio abitativo- dichiara il sub commissario Trovato- dall\u2019altro la riqualificazione del territorio recuperando ampi spazi da destinare al verde, alla socialit\u00e0, allo sport, sottraendoli al degrado. Camaro Sottomontagna \u00e8 un esempio tangibile di come Messina possa cambiare in meglio e dare risposte efficaci ai cittadini. Il lavoro in sinergia con l\u2019amministrazione comunale ed ArisMe continua a portare grandi risultati\u201d.<\/p>\n","protected":false},"excerpt":{"rendered":"<p>A Camaro Sottomontagna, nell&#8217;area in cui c\u2019erano\u00a0circa 65\u00a0baracche sorger\u00e0 un parco urbano. L\u2019area sotto il vecchio ponte delle Ferrovie, totalmente sgomberata e bonificata \u00e8 un altro tassello importante nel percorso di risanamento portato avanti dalla Struttura Commissariale guidata dal presidente della Regione Renato Schifani e sar\u00e0 consegnata gioved\u00ec al Comune di Messina che realizzer\u00e0 un [&hellip;]<\/p>\n","protected":false},"author":2,"featured_media":249152,"comment_status":"open","ping_status":"open","sticky":false,"template":"","format":"standard","meta":{"ub_ctt_via":"","_mi_skip_tracking":false},"categories":[5],"tags":[],"featured_image_src":"https:\/\/www.messinaoggi.it\/website\/wp-content\/uploads\/2025\/09\/camaro-sott-4.jpg","author_info":{"display_name":"Redazione","author_link":"https:\/\/www.messinaoggi.it\/website\/author\/redazione\/"},"digistream_id":0,"digistream":false,"_links":{"self":[{"href":"https:\/\/www.messinaoggi.it\/website\/wp-json\/wp\/v2\/posts\/249151"}],"collection":[{"href":"https:\/\/www.messinaoggi.it\/website\/wp-json\/wp\/v2\/posts"}],"about":[{"href":"https:\/\/www.messinaoggi.it\/website\/wp-json\/wp\/v2\/types\/post"}],"author":[{"embeddable":true,"href":"https:\/\/www.messinaoggi.it\/website\/wp-json\/wp\/v2\/users\/2"}],"replies":[{"embeddable":true,"href":"https:\/\/www.messinaoggi.it\/website\/wp-json\/wp\/v2\/comments?post=249151"}],"version-history":[{"count":1,"href":"https:\/\/www.messinaoggi.it\/website\/wp-json\/wp\/v2\/posts\/249151\/revisions"}],"predecessor-version":[{"id":249153,"href":"https:\/\/www.messinaoggi.it\/website\/wp-json\/wp\/v2\/posts\/249151\/revisions\/249153"}],"wp:featuredmedia":[{"embeddable":true,"href":"https:\/\/www.messinaoggi.it\/website\/wp-json\/wp\/v2\/media\/249152"}],"wp:attachment":[{"href":"https:\/\/www.messinaoggi.it\/website\/wp-json\/wp\/v2\/media?parent=249151"}],"wp:term":[{"taxonomy":"category","embeddable":true,"href":"https:\/\/www.messinaoggi.it\/website\/wp-json\/wp\/v2\/categories?post=249151"},{"taxonomy":"post_tag","embeddable":true,"href":"https:\/\/www.messinaoggi.it\/website\/wp-json\/wp\/v2\/tags?post=249151"}],"curies":[{"name":"wp","href":"https:\/\/api.w.org\/{rel}","templated":true}]}}