{"id":249131,"date":"2025-09-02T00:05:35","date_gmt":"2025-09-01T22:05:35","guid":{"rendered":"https:\/\/www.messinaoggi.it\/website\/2025\/09\/01\/tajani-contrari-a-offensiva-su-gaza-flotilla-non-sono-terroristi\/"},"modified":"2025-09-02T09:19:10","modified_gmt":"2025-09-02T07:19:10","slug":"tajani-contrari-a-offensiva-su-gaza-flotilla-non-sono-terroristi","status":"publish","type":"post","link":"https:\/\/www.messinaoggi.it\/website\/2025\/09\/02\/tajani-contrari-a-offensiva-su-gaza-flotilla-non-sono-terroristi\/","title":{"rendered":"Tajani \u201cContrari a offensiva su Gaza. Flotilla? Non sono terroristi\u201d"},"content":{"rendered":"<div>ROMA (ITALPRESS) &#8211; &#8220;L&#8217;Anp \u00e8 il nostro unico interlocutore, siamo convinti che il futuro della Palestina deve essere senza Hamas e deve vedere l&#8217;Autorit\u00e0 Nazionale Palestinese protagonista&#8221;. Cos\u00ec il vicepremier e ministro degli Esteri, Antonio Tajani, al termine della visita ai bambini palestinesi in cura presso il Policlinico Universitario Agostino Gemelli di Roma, insieme alla ministra degli Esteri dell&#8217;Autorit\u00e0 nazionale palestinese, a cui &#8220;ho ribadito la nostra disponibilit\u00e0 a proseguire con tutti gli aiuti alimentari&#8221; e &#8220;l&#8217;impegno dell&#8217;Italia per un immediato cessate il fuoco, cos\u00ec come per la liberazione degli ostaggi. Siamo contrari alla nuova offensiva su Gaza, ho ribadito la nostra condanna agli attacchi contro i villaggi in Cisgiordania&#8221;, anzi, &#8220;dobbiamo riunire Gaza alla Cisgiordania. Abbiamo detto e ribadito, anche con altri Paesi, che siamo pronti a sostenere sanzioni pi\u00f9 dure nei confronti dei coloni violenti: \u00e8 una scelta anche politica perch\u00e8 puntano a disarticolare alle radici la costruzione di uno Stato palestinese&#8221;. Inoltre &#8220;consideriamo gravi gli attacchi ai villaggi cristiani, questo perch\u00e8 i cristiani rappresentano un elemento di stabilit\u00e0, pace e dialogo in Cisgiordania, a Gaza e in tutto il Medio Oriente&#8221;, ha aggiunto. &#8220;Il popolo palestinese deve avere uno Stato che deve riconoscere Israele e che Israele non consideri una minaccia&#8221;, ma &#8220;prima del riconoscimento ufficiale&#8221; dello Stato di Palestina &#8220;bisogna crearlo uno Stato palestinese, altrimenti diventa velleitario&#8221;. Ma &#8220;per esserci uno Stato, deve esserci anche un popolo&#8221;, ha sottolineato, rispondendo a una domanda sul piano Usa. &#8220;Prima di fare un piano dobbiamo ascoltare quello che vogliono i palestinesi. Tutto ci\u00f2 che si pu\u00f2 fare per aiutarli lo si deve fare, ma non credo si debba agevolare la loro fuga&#8221;, ha sottolineato. Infine, a proposito della missione della Sumud Flotilla per portare aiuti umanitari a Gaza, &#8220;Israele ha diritto a far rispettare le proprie leggi, ma che quelli&#8221; della Global Sumud Flotilla &#8220;siano dei terroristi non mi risulta, a meno che non ci sia a bordo qualcuno noto come terrorista. Non sono dei terroristi a mio giudizio. Bisogna sempre dire la verit\u00e0 e usare un linguaggio appropriato&#8221;.<br \/>(ITALPRESS).<div id=\"div-gpt-ad-Messinaoggi.it-DSK-300x250-corpoart\" style=\"text-align:center;margin:0 auto;\"><\/div><\/p>\n<p>&#8211; foto: Ipa Agency &#8211;<div id=\"videoincontent\" style=\"clear:both\";><\/div><\/p><\/div>\n","protected":false},"excerpt":{"rendered":"<p>ROMA (ITALPRESS) &#8211; &#8220;L&#8217;Anp \u00e8 il nostro unico interlocutore, siamo convinti che il futuro della Palestina deve essere senza Hamas e deve vedere l&#8217;Autorit\u00e0 Nazionale Palestinese protagonista&#8221;. Cos\u00ec il vicepremier e ministro degli Esteri, Antonio Tajani, al termine della visita ai bambini palestinesi in cura presso il Policlinico Universitario Agostino Gemelli di Roma, insieme alla [&hellip;]<\/p>\n","protected":false},"author":18,"featured_media":249132,"comment_status":"closed","ping_status":"closed","sticky":false,"template":"","format":"standard","meta":{"ub_ctt_via":"","_mi_skip_tracking":false},"categories":[446,4],"tags":[783],"featured_image_src":"https:\/\/www.messinaoggi.it\/website\/wp-content\/uploads\/2025\/09\/20250901_1887.jpg","author_info":{"display_name":"Admin","author_link":"https:\/\/www.messinaoggi.it\/website\/author\/admin\/"},"digistream_id":0,"digistream":false,"_links":{"self":[{"href":"https:\/\/www.messinaoggi.it\/website\/wp-json\/wp\/v2\/posts\/249131"}],"collection":[{"href":"https:\/\/www.messinaoggi.it\/website\/wp-json\/wp\/v2\/posts"}],"about":[{"href":"https:\/\/www.messinaoggi.it\/website\/wp-json\/wp\/v2\/types\/post"}],"author":[{"embeddable":true,"href":"https:\/\/www.messinaoggi.it\/website\/wp-json\/wp\/v2\/users\/18"}],"replies":[{"embeddable":true,"href":"https:\/\/www.messinaoggi.it\/website\/wp-json\/wp\/v2\/comments?post=249131"}],"version-history":[{"count":1,"href":"https:\/\/www.messinaoggi.it\/website\/wp-json\/wp\/v2\/posts\/249131\/revisions"}],"predecessor-version":[{"id":249140,"href":"https:\/\/www.messinaoggi.it\/website\/wp-json\/wp\/v2\/posts\/249131\/revisions\/249140"}],"wp:featuredmedia":[{"embeddable":true,"href":"https:\/\/www.messinaoggi.it\/website\/wp-json\/wp\/v2\/media\/249132"}],"wp:attachment":[{"href":"https:\/\/www.messinaoggi.it\/website\/wp-json\/wp\/v2\/media?parent=249131"}],"wp:term":[{"taxonomy":"category","embeddable":true,"href":"https:\/\/www.messinaoggi.it\/website\/wp-json\/wp\/v2\/categories?post=249131"},{"taxonomy":"post_tag","embeddable":true,"href":"https:\/\/www.messinaoggi.it\/website\/wp-json\/wp\/v2\/tags?post=249131"}],"curies":[{"name":"wp","href":"https:\/\/api.w.org\/{rel}","templated":true}]}}