{"id":249129,"date":"2025-09-01T23:05:30","date_gmt":"2025-09-01T21:05:30","guid":{"rendered":"https:\/\/www.messinaoggi.it\/website\/2025\/09\/01\/zelensky-acceleriamo-sulle-forniture-dei-sistemi-di-difesa-aerea\/"},"modified":"2025-09-01T23:05:30","modified_gmt":"2025-09-01T21:05:30","slug":"zelensky-acceleriamo-sulle-forniture-dei-sistemi-di-difesa-aerea","status":"publish","type":"post","link":"https:\/\/www.messinaoggi.it\/website\/2025\/09\/01\/zelensky-acceleriamo-sulle-forniture-dei-sistemi-di-difesa-aerea\/","title":{"rendered":"Zelensky \u201cAcceleriamo sulle forniture dei sistemi di difesa aerea\u201d"},"content":{"rendered":"<div>KIEV (UCRAINA) (ITALPRESS) &#8211; <em>&#8220;Stiamo accelerando la fornitura di ulteriori sistemi di difesa aerea per migliorare la protezione contro i missili. Contiamo sul massimo impegno dei diplomatici ucraini nei contatti con i partner&#8221;<\/em>. Cos\u00ec il presidente ucraino Volodymyr <strong>Zelensky<\/strong> su X.<div id=\"div-gpt-ad-Messinaoggi.it-DSK-300x250-corpoart\" style=\"text-align:center;margin:0 auto;\"><\/div><\/p>\n<p><em>&#8220;Ho incaricato il Segretario del Consiglio per la Sicurezza e la Difesa Nazionale, Rustem Umerov, di coordinare i funzionari governativi, le amministrazioni regionali e le aziende energetiche per l&#8217;approvvigionamento di ulteriori sistemi di difesa aerea a corto e medio raggio, nonch\u00e8 per l&#8217;aumento dei finanziamenti per i produttori di droni&#8221;<\/em>, ha sottolineato.<div id=\"videoincontent\" style=\"clear:both\";><\/div><\/p>\n<p><em>&#8220;Stiamo preparando una riunione dello staff tecnico che coinvolger\u00e0 i produttori ucraini. Aumenteremo la produzione delle nostre capacit\u00e0 di attacco. L&#8217;efficacia degli attacchi ucraini in profondit\u00e0 deve aumentare significativamente&#8221;<\/em>, ha concluso.<\/p>\n<p>&#8211; foto: Ipa Agency &#8211;<\/p>\n<p>(ITALPRESS).<\/p><\/div>\n","protected":false},"excerpt":{"rendered":"<p>KIEV (UCRAINA) (ITALPRESS) &#8211; &#8220;Stiamo accelerando la fornitura di ulteriori sistemi di difesa aerea per migliorare la protezione contro i missili. Contiamo sul massimo impegno dei diplomatici ucraini nei contatti con i partner&#8221;. Cos\u00ec il presidente ucraino Volodymyr Zelensky su X. &#8220;Ho incaricato il Segretario del Consiglio per la Sicurezza e la Difesa Nazionale, Rustem [&hellip;]<\/p>\n","protected":false},"author":18,"featured_media":249130,"comment_status":"closed","ping_status":"closed","sticky":false,"template":"","format":"standard","meta":{"ub_ctt_via":"","_mi_skip_tracking":false},"categories":[446],"tags":[783],"featured_image_src":"https:\/\/www.messinaoggi.it\/website\/wp-content\/uploads\/2025\/09\/20250901_1779.jpg","author_info":{"display_name":"Admin","author_link":"https:\/\/www.messinaoggi.it\/website\/author\/admin\/"},"digistream_id":0,"digistream":false,"_links":{"self":[{"href":"https:\/\/www.messinaoggi.it\/website\/wp-json\/wp\/v2\/posts\/249129"}],"collection":[{"href":"https:\/\/www.messinaoggi.it\/website\/wp-json\/wp\/v2\/posts"}],"about":[{"href":"https:\/\/www.messinaoggi.it\/website\/wp-json\/wp\/v2\/types\/post"}],"author":[{"embeddable":true,"href":"https:\/\/www.messinaoggi.it\/website\/wp-json\/wp\/v2\/users\/18"}],"replies":[{"embeddable":true,"href":"https:\/\/www.messinaoggi.it\/website\/wp-json\/wp\/v2\/comments?post=249129"}],"version-history":[{"count":0,"href":"https:\/\/www.messinaoggi.it\/website\/wp-json\/wp\/v2\/posts\/249129\/revisions"}],"wp:featuredmedia":[{"embeddable":true,"href":"https:\/\/www.messinaoggi.it\/website\/wp-json\/wp\/v2\/media\/249130"}],"wp:attachment":[{"href":"https:\/\/www.messinaoggi.it\/website\/wp-json\/wp\/v2\/media?parent=249129"}],"wp:term":[{"taxonomy":"category","embeddable":true,"href":"https:\/\/www.messinaoggi.it\/website\/wp-json\/wp\/v2\/categories?post=249129"},{"taxonomy":"post_tag","embeddable":true,"href":"https:\/\/www.messinaoggi.it\/website\/wp-json\/wp\/v2\/tags?post=249129"}],"curies":[{"name":"wp","href":"https:\/\/api.w.org\/{rel}","templated":true}]}}