{"id":249119,"date":"2025-09-01T19:05:34","date_gmt":"2025-09-01T17:05:34","guid":{"rendered":"https:\/\/www.messinaoggi.it\/website\/2025\/09\/01\/gattuso-sono-carico-questa-italia-non-e-messa-male\/"},"modified":"2025-09-01T19:05:34","modified_gmt":"2025-09-01T17:05:34","slug":"gattuso-sono-carico-questa-italia-non-e-messa-male","status":"publish","type":"post","link":"https:\/\/www.messinaoggi.it\/website\/2025\/09\/01\/gattuso-sono-carico-questa-italia-non-e-messa-male\/","title":{"rendered":"Gattuso \u201cSono carico, questa Italia non \u00e8 messa male\u201d"},"content":{"rendered":"<div>FIRENZE (ITALPRESS) &#8211; &#8220;Scamacca resta con noi, lo valuteremo in questi giorni, ha dei fastidi al ginocchio. Lo ringrazio perch\u00e8 \u00e8 voluto rimanere e ringrazio anche l&#8217;Atalanta. Donnarumma deve sistemare due-tre cose, terminare delle visite mediche e poi firmer\u00e0 per il City. Tonali ha un piccolo problemino ma deve solo gestirlo. Tutti gli altri sono al 100%&#8221;. Lo ha detto il ct azzurro Rino Gattuso dal ritiro di Coverciano, dove la Nazionale italiana da oggi inizier\u00e0 a preparare la gara di qualificazione ai prossimi Mondiali, quella in programma venerd\u00ec prossimo a Bergamo contro l&#8217;Estonia. &#8220;Sono carico a molle, nessuna preoccupazione, i punti in testa me li metter\u00f2 quando me la spaccher\u00f2&#8230; &#8211; ha aggiunto in conferenza stampa il mister della Nazionale &#8211; Ho grande responsabilit\u00e0, tantissima, la sento, specie quando indossi questa maglia. Alla fine tireremo le somme, ma non ho paura&#8221;. Primo ostacolo per ritrovare il sorriso nelle qualificazioni mondiali sar\u00e0 l&#8217;Estonia: &#8220;E&#8217; una squadra di rimessa, che gioca dal basso, che dobbiamo essere bravi a far sbagliare e sfruttare ogni loro errore &#8211; ha proseguito Gattuso -Noi dobbiamo preparare bene la partita, non dobbiamo pensare a fare tanti gol. Ne abbiamo fatte poche di goleade nella nostra storia. Dobbiamo pensare ad entrare in campo con voglia e veemenza, rispettando l&#8217;avversario ma senza avere paura di nessuno&#8221;. Per quanto riguarda il momento del calcio italiano, &#8220;abbiamo tantissimi giocatori bravi che giocano all&#8217;estero. Non siamo messi male, forse giocano pochi italiani, questo dice l&#8217;ultima giornata di campionato, ma noi dobbiamo pensare a tirare fuori il meglio da loro. Ho a disposizione una buona squadra, dobbiamo valorizzarla, spero per\u00f2 si possa far giocare pi\u00f9 partite possibili agli italiani&#8221;. Ringraziato il pubblico di Bergamo per il sold out, Gattuso si \u00e8 soffermato sulle polemiche per Italia-Israele: &#8220;Non si dovrebbe giocare? E&#8217; una considerazione del sindaco di Udine, la rispetto, io sono un uomo di pace e mi auguro che in tutto il mondo ci sia la pace. Fa male al cuore vedere civili, bambini che ci lascino la vita, poi noi facciamo un mestiere. Il presidente Gravina &#8211; ha concluso Gattuso &#8211; si \u00e8 dato da fare negli ultimi 15 giorni per trovare la soluzione per giocare la partita ad Udine nella maniera perfetta&#8221;.<br \/>&#8211; Foto Ipa Agency &#8211;<br \/>(ITALPRESS).<\/div>\n<div id=\"div-gpt-ad-Messinaoggi.it-DSK-300x250-corpoart\" style=\"text-align:center;margin:0 auto;\"><\/div><\/p><div id=\"videoincontent\" style=\"clear:both\";><\/div>","protected":false},"excerpt":{"rendered":"<p>FIRENZE (ITALPRESS) &#8211; &#8220;Scamacca resta con noi, lo valuteremo in questi giorni, ha dei fastidi al ginocchio. Lo ringrazio perch\u00e8 \u00e8 voluto rimanere e ringrazio anche l&#8217;Atalanta. Donnarumma deve sistemare due-tre cose, terminare delle visite mediche e poi firmer\u00e0 per il City. Tonali ha un piccolo problemino ma deve solo gestirlo. Tutti gli altri sono [&hellip;]<\/p>\n","protected":false},"author":18,"featured_media":249120,"comment_status":"closed","ping_status":"closed","sticky":false,"template":"","format":"standard","meta":{"ub_ctt_via":"","_mi_skip_tracking":false},"categories":[446],"tags":[783],"featured_image_src":"https:\/\/www.messinaoggi.it\/website\/wp-content\/uploads\/2025\/09\/20250901_0800.jpg","author_info":{"display_name":"Admin","author_link":"https:\/\/www.messinaoggi.it\/website\/author\/admin\/"},"digistream_id":0,"digistream":false,"_links":{"self":[{"href":"https:\/\/www.messinaoggi.it\/website\/wp-json\/wp\/v2\/posts\/249119"}],"collection":[{"href":"https:\/\/www.messinaoggi.it\/website\/wp-json\/wp\/v2\/posts"}],"about":[{"href":"https:\/\/www.messinaoggi.it\/website\/wp-json\/wp\/v2\/types\/post"}],"author":[{"embeddable":true,"href":"https:\/\/www.messinaoggi.it\/website\/wp-json\/wp\/v2\/users\/18"}],"replies":[{"embeddable":true,"href":"https:\/\/www.messinaoggi.it\/website\/wp-json\/wp\/v2\/comments?post=249119"}],"version-history":[{"count":0,"href":"https:\/\/www.messinaoggi.it\/website\/wp-json\/wp\/v2\/posts\/249119\/revisions"}],"wp:featuredmedia":[{"embeddable":true,"href":"https:\/\/www.messinaoggi.it\/website\/wp-json\/wp\/v2\/media\/249120"}],"wp:attachment":[{"href":"https:\/\/www.messinaoggi.it\/website\/wp-json\/wp\/v2\/media?parent=249119"}],"wp:term":[{"taxonomy":"category","embeddable":true,"href":"https:\/\/www.messinaoggi.it\/website\/wp-json\/wp\/v2\/categories?post=249119"},{"taxonomy":"post_tag","embeddable":true,"href":"https:\/\/www.messinaoggi.it\/website\/wp-json\/wp\/v2\/tags?post=249119"}],"curies":[{"name":"wp","href":"https:\/\/api.w.org\/{rel}","templated":true}]}}