{"id":249104,"date":"2025-09-01T14:15:30","date_gmt":"2025-09-01T12:15:30","guid":{"rendered":"https:\/\/www.messinaoggi.it\/website\/2025\/09\/01\/gaza-cgil-sicilia-rendiamo-visibile-che-ce-un-popolo-che-dice-basta\/"},"modified":"2025-09-01T15:08:47","modified_gmt":"2025-09-01T13:08:47","slug":"gaza-cgil-sicilia-rendiamo-visibile-che-ce-un-popolo-che-dice-basta","status":"publish","type":"post","link":"https:\/\/www.messinaoggi.it\/website\/2025\/09\/01\/gaza-cgil-sicilia-rendiamo-visibile-che-ce-un-popolo-che-dice-basta\/","title":{"rendered":"Gaza, Cgil Sicilia \u201cRendiamo visibile che c\u2019\u00e8 un popolo che dice basta\u201d"},"content":{"rendered":"<div>\n<p>PALERMO (ITALPRESS) \u2013 In una lettera aperta, il<strong> segretario generale della Cgil Sicilia, Alfio Mannino,<\/strong> segnala<em> \u201cil grande fermento di queste ore in Sicilia\u201d,<\/em> in attesa dell\u2019approdo nell\u2019isola, da cui poi ripartir\u00e0 per <strong>Gaza, della missione umanitaria di Global Sumud Flottilla.<\/strong> Mannino invita alla massima partecipazione alle manifestazioni di mercoled\u00ec 3 a Catania e Siracusa e del 6 in tutti i comuni capoluogo.<div id=\"div-gpt-ad-Messinaoggi.it-DSK-300x250-corpoart\" style=\"text-align:center;margin:0 auto;\"><\/div><\/p>\n<p><strong><em> \u201cLa Cgil \u00e8 mobilitata<\/em><\/strong> \u2013 sottolinea -, <em>e in questi giorni sta dando supporto organizzativo e logistico alla missione\u201d. \u201cUn grande sostegno popolare<\/em> \u2013 dice Mannino \u2013<em> deve adesso accogliere a accompagnare la missione fino alla partenza dalla Sicilia, per mandare un segnale forte, visibile, ai potenti della terra e alle istituzioni europee che c\u2019\u00e8 un popolo che dice basta. Quanti pi\u00f9 saremo a tutte le manifestazioni in programma, maggiore sar\u00e0 la possibilit\u00e0 di incidere\u201d<\/em>.<div id=\"videoincontent\" style=\"clear:both\";><\/div><\/p>\n<p><em>\u201cDa Genova il testimone della missione di Global Sumud Flottilla passa alla Sicilia<\/em> \u2013 si legge nella lettera aperta -. G<em>rande in questi giorni \u00e8 il fermento in attesa, e per dare supporto, a questa importante iniziativa umanitaria. Un\u2019iniziativa che parte dal basso e che vuole essere un segnale per i potenti della terra e per le istituzioni europee. Laddove gli stati tergiversano o falliscono vogliamo dire con forza che l\u2019umanit\u00e0 non \u00e8 andata perduta e per questo \u00e8 importante che quante pi\u00f9 persone possibile testimonino con la loro presenza alle varie iniziatiche che si susseguiranno lo sconcerto e l\u2019orrore per quanto sta avvenendo a Gaza insieme alla richiesta di ogni possibile iniziativa per fermare il massacro e affermare la pace. Mercoled\u00ec 3 ci saranno manifestazioni a Catania e Siracusa, che accoglieranno la missione umanitaria accompagnandola fino alla partenza di gioved\u00ec 4 per Gaza. Il 6 inoltre stiamo organizzando manifestazioni in tutti i comuni capoluogo<\/em> \u2013 prosegue la nota -.<em> Come Cgil il nostro impegno in questi giorni \u00e8 massimo per dare supporto organizzativo e logistico all\u2019iniziativa umanitaria. Si susseguono le attivit\u00e0, abbiamo coinvolto la Geotrans, azienda emblematica perch\u00e9 confiscata alla mafia e rinata nella legalit\u00e0, nelle operazioni di trasporto e transito dei beni, raccolti in grande quantit\u00e0. Questo l\u2019aspetto materiale, ma ancora pi\u00f9 importanti sono le motivazioni che muovono il nostro sindacato e strati sempre pi\u00f9 ampi della popolazione. Nel silenzio delle istituzioni regionali dalla Sicilia, terra di pace, viene una voce unica: basta con la barbarie, basta con la guerra, basta con la violenza su una popolazione inerme. E questa voce deve diventare partecipazione concreta e di massa, perch\u00e9 diventi chiaro e visibile a tutti che c\u2019\u00e8 un popolo che dice basta. Le reazioni di queste ore da Israele, che equipara gli attivisti ai terroristi, dimostrano che l\u00ec hanno ben compreso il valore dell\u2019iniziativa e che questa d\u00e0 loro molto fastidio. Si dimostra che la strada intrapresa \u00e8 quella giusta. Se questa missione fallisse con essa colerebbe a picco l\u2019umanit\u00e0. Il che non vuol dire che ci arrenderemo o che sprofonderemo nell\u2019indifferenza e nell\u2019ignavia. Alla concretezza di una strage continua, della soverchieria e della violenza opponiamo un grido di pace che ha l\u2019ambizione di essere pi\u00f9 forte dei boati della guerra. Fermiamo l\u2019esercito israeliano, costruiamo percorsi di pace, c\u2019\u00e8 un popolo sempre pi\u00f9 numeroso che lo chiede, rendiamolo evidente con la partecipazione di massa alle manifestazioni di questi giorni. Mostriamo al mondo il volto pi\u00f9 bello della Sicilia\u201d,<\/em> conclude la lettera aperta del <strong>segretario generale della Cgil Sicilia, Alfio Mannino.<\/strong><\/p>\n<p>-Foto uffico stampa Cgil Sicilia-<br \/>\n(ITALPRESS).<\/p>\n<\/div>\n","protected":false},"excerpt":{"rendered":"<p>PALERMO (ITALPRESS) \u2013 In una lettera aperta, il segretario generale della Cgil Sicilia, Alfio Mannino, segnala \u201cil grande fermento di queste ore in Sicilia\u201d, in attesa dell\u2019approdo nell\u2019isola, da cui poi ripartir\u00e0 per Gaza, della missione umanitaria di Global Sumud Flottilla. Mannino invita alla massima partecipazione alle manifestazioni di mercoled\u00ec 3 a Catania e Siracusa [&hellip;]<\/p>\n","protected":false},"author":18,"featured_media":249105,"comment_status":"closed","ping_status":"closed","sticky":false,"template":"","format":"standard","meta":{"ub_ctt_via":"","_mi_skip_tracking":false},"categories":[11,2449],"tags":[783],"featured_image_src":"https:\/\/www.messinaoggi.it\/website\/wp-content\/uploads\/2025\/09\/Alfio-Mannino-Cgil-Sicilia.jpeg","author_info":{"display_name":"Admin","author_link":"https:\/\/www.messinaoggi.it\/website\/author\/admin\/"},"digistream_id":0,"digistream":false,"_links":{"self":[{"href":"https:\/\/www.messinaoggi.it\/website\/wp-json\/wp\/v2\/posts\/249104"}],"collection":[{"href":"https:\/\/www.messinaoggi.it\/website\/wp-json\/wp\/v2\/posts"}],"about":[{"href":"https:\/\/www.messinaoggi.it\/website\/wp-json\/wp\/v2\/types\/post"}],"author":[{"embeddable":true,"href":"https:\/\/www.messinaoggi.it\/website\/wp-json\/wp\/v2\/users\/18"}],"replies":[{"embeddable":true,"href":"https:\/\/www.messinaoggi.it\/website\/wp-json\/wp\/v2\/comments?post=249104"}],"version-history":[{"count":1,"href":"https:\/\/www.messinaoggi.it\/website\/wp-json\/wp\/v2\/posts\/249104\/revisions"}],"predecessor-version":[{"id":249110,"href":"https:\/\/www.messinaoggi.it\/website\/wp-json\/wp\/v2\/posts\/249104\/revisions\/249110"}],"wp:featuredmedia":[{"embeddable":true,"href":"https:\/\/www.messinaoggi.it\/website\/wp-json\/wp\/v2\/media\/249105"}],"wp:attachment":[{"href":"https:\/\/www.messinaoggi.it\/website\/wp-json\/wp\/v2\/media?parent=249104"}],"wp:term":[{"taxonomy":"category","embeddable":true,"href":"https:\/\/www.messinaoggi.it\/website\/wp-json\/wp\/v2\/categories?post=249104"},{"taxonomy":"post_tag","embeddable":true,"href":"https:\/\/www.messinaoggi.it\/website\/wp-json\/wp\/v2\/tags?post=249104"}],"curies":[{"name":"wp","href":"https:\/\/api.w.org\/{rel}","templated":true}]}}