{"id":249100,"date":"2025-09-01T12:15:33","date_gmt":"2025-09-01T10:15:33","guid":{"rendered":"https:\/\/www.messinaoggi.it\/website\/2025\/09\/01\/21-anni-fa-la-scomparsa-di-denise-pipitone-a-mazara-del-vallo-la-mamma-piera-maggio-ci-manchi\/"},"modified":"2025-09-01T15:08:57","modified_gmt":"2025-09-01T13:08:57","slug":"21-anni-fa-la-scomparsa-di-denise-pipitone-a-mazara-del-vallo-la-mamma-piera-maggio-ci-manchi","status":"publish","type":"post","link":"https:\/\/www.messinaoggi.it\/website\/2025\/09\/01\/21-anni-fa-la-scomparsa-di-denise-pipitone-a-mazara-del-vallo-la-mamma-piera-maggio-ci-manchi\/","title":{"rendered":"21 anni fa la scomparsa di Denise Pipitone a Mazara del Vallo, la mamma Piera Maggio: \u201cCi manchi\u201d"},"content":{"rendered":"<div>\n<p>MAZARA DEL VALLO (TRAPANI) (ITALPRESS) \u2013 Il <strong>primo settembre 2004, la piccola Denise Pipitone svaniva misteriosamente nel nulla da Mazara del Vallo,<\/strong> in provincia di <strong>Trapani.<\/strong> Aveva 4 anni. Sono trascorsi 21 anni da quel giorno e sembra che il tempo non si sia mai fermato per i genitori <strong>Piera Maggio e Pietro Pulizzi<\/strong>, che vivono nel limbo del dolore, portando avanti una battaglia quotidiana alla ricerca della verit\u00e0 su quanto accaduto perch\u00e9 i bambini non scompaiono nel nulla.<div id=\"div-gpt-ad-Messinaoggi.it-DSK-300x250-corpoart\" style=\"text-align:center;margin:0 auto;\"><\/div><\/p>\n<p><em> \u201cCi manchi in ogni risata, in ogni canzone, in ogni angolo della nostra vita. Il tuo ricordo \u00e8 un faro nella notte, e ancora ci manchi in ogni cosa che facciamo. Ogni giorno pensiamo a te, desiderando di poterti riabbracciare e colmare questa mancanza che ci opprime\u201d,<\/em> scrivono Piera Maggio e Pietro Pulizzi in un toccante messaggio diffuso su una locandina dedicata alla figlia.<div id=\"videoincontent\" style=\"clear:both\";><\/div><\/p>\n<p><em>\u201cA 21 anni dal sequestro di nostra figlia, il dolore non si affievolisce, anzi, ogni anno che passa si acuisce sempre di pi\u00f9\u201d<\/em>. Sottolineano in una nota <strong>Piera Maggio e Pietro Pulizzi, genitori della piccola Denise Pipitone.<\/strong>\u00a0<em>\u201cLa sensazione di ingiustizia per chi ha causato sofferenza, mentre noi ne portiamo il peso, \u00e8 straziante<\/em> \u2013 aggiungono -.<em> \u00c8 difficile accettare che il male possa rimanere impunito, mentre le conseguenze ci perseguitano. Stiamo pagando sulla nostra pelle gli insuccessi degli altri, un ergastolo del dolore a vita. Evviva la giustizia!\u201d.<\/em><\/p>\n<p>Quella mattina di 21 anni fa, intorno a mezzogiorno, Denise stava giocando davanti casa, in Via Domenico La Bruna, angolo Via Castagnola. Era con la nonna, nel garage-cucina, quando \u00e8 uscita per rincorrere il cuginetto. Denise ha svoltato l\u2019angolo e poi \u00e8 scomparsa nel nulla. L\u2019ultimo avvistamento \u00e8 di una zia che ha raccontato di averla vista l\u2019ultima volta intorno alle 11.45 dirigersi verso casa, dove per\u00f2 non \u00e8 mai pi\u00f9 tornata. Da quel momento in poi, in una manciata di minuti, si sono perse le tracce della bambina.<\/p>\n<p>-Foto IPA Agency-<br \/>\n(ITALPRESS).<\/p>\n<\/div>\n","protected":false},"excerpt":{"rendered":"<p>MAZARA DEL VALLO (TRAPANI) (ITALPRESS) \u2013 Il primo settembre 2004, la piccola Denise Pipitone svaniva misteriosamente nel nulla da Mazara del Vallo, in provincia di Trapani. Aveva 4 anni. Sono trascorsi 21 anni da quel giorno e sembra che il tempo non si sia mai fermato per i genitori Piera Maggio e Pietro Pulizzi, che [&hellip;]<\/p>\n","protected":false},"author":18,"featured_media":249101,"comment_status":"closed","ping_status":"closed","sticky":false,"template":"","format":"standard","meta":{"ub_ctt_via":"","_mi_skip_tracking":false},"categories":[6,2449],"tags":[783],"featured_image_src":"https:\/\/www.messinaoggi.it\/website\/wp-content\/uploads\/2025\/09\/Denise-Pipitone.jpg","author_info":{"display_name":"Admin","author_link":"https:\/\/www.messinaoggi.it\/website\/author\/admin\/"},"digistream_id":0,"digistream":false,"_links":{"self":[{"href":"https:\/\/www.messinaoggi.it\/website\/wp-json\/wp\/v2\/posts\/249100"}],"collection":[{"href":"https:\/\/www.messinaoggi.it\/website\/wp-json\/wp\/v2\/posts"}],"about":[{"href":"https:\/\/www.messinaoggi.it\/website\/wp-json\/wp\/v2\/types\/post"}],"author":[{"embeddable":true,"href":"https:\/\/www.messinaoggi.it\/website\/wp-json\/wp\/v2\/users\/18"}],"replies":[{"embeddable":true,"href":"https:\/\/www.messinaoggi.it\/website\/wp-json\/wp\/v2\/comments?post=249100"}],"version-history":[{"count":1,"href":"https:\/\/www.messinaoggi.it\/website\/wp-json\/wp\/v2\/posts\/249100\/revisions"}],"predecessor-version":[{"id":249111,"href":"https:\/\/www.messinaoggi.it\/website\/wp-json\/wp\/v2\/posts\/249100\/revisions\/249111"}],"wp:featuredmedia":[{"embeddable":true,"href":"https:\/\/www.messinaoggi.it\/website\/wp-json\/wp\/v2\/media\/249101"}],"wp:attachment":[{"href":"https:\/\/www.messinaoggi.it\/website\/wp-json\/wp\/v2\/media?parent=249100"}],"wp:term":[{"taxonomy":"category","embeddable":true,"href":"https:\/\/www.messinaoggi.it\/website\/wp-json\/wp\/v2\/categories?post=249100"},{"taxonomy":"post_tag","embeddable":true,"href":"https:\/\/www.messinaoggi.it\/website\/wp-json\/wp\/v2\/tags?post=249100"}],"curies":[{"name":"wp","href":"https:\/\/api.w.org\/{rel}","templated":true}]}}