{"id":249071,"date":"2025-09-01T02:05:35","date_gmt":"2025-09-01T00:05:35","guid":{"rendered":"https:\/\/www.messinaoggi.it\/website\/2025\/09\/01\/schlein-netanyahu-va-fermato\/"},"modified":"2025-09-01T09:41:25","modified_gmt":"2025-09-01T07:41:25","slug":"schlein-netanyahu-va-fermato","status":"publish","type":"post","link":"https:\/\/www.messinaoggi.it\/website\/2025\/09\/01\/schlein-netanyahu-va-fermato\/","title":{"rendered":"Schlein \u201cNetanyahu va fermato\u201d"},"content":{"rendered":"<div>ROMA (ITALPRESS) &#8211; &#8220;Buon vento alla Global Sumud Flotilla&#8221;, il &#8220;governo italiano anche ieri si \u00e8 espresso contro la pur timida proposta di sanzioni della commissione europea contro il governo israeliano. Ci sta mettendo dalla parte sbagliata della storia&#8221;. Lo ha detto la segretaria del Pd Elly Schlein a Portoferraio, alla Festa dell&#8217;Unit\u00e0 dell&#8217;isola d&#8217;Elba.<br \/>&#8220;Il governo italiano sta bloccando ogni iniziativa su Gaza, noi pensiamo che i crimini di Netanyahu vadano fermati subito&#8221;, ha aggiunto Schlein.<br \/>&#8220;Stiamo costruendo l&#8217;alternativa a queste destre su cinque priorit\u00e0&#8221;, ha poi sottolineato la segretaria del Pd. &#8220;La prima \u00e8 la sanit\u00e0 pubblica &#8211; ha dichiarato -. La seconda priorit\u00e0 \u00e8 la scuola pubblica a partire dai nidi. La terza grande questione \u00e8 il lavoro dignitoso e continueremo a batterci per una legge sul salario minimo. Ci sono 4 milioni e mezzo di lavoratori poveri. Lavoro dignitoso significa anche sicurezza sul lavoro.<br \/>Quarta priorit\u00e0 sono le politiche industriali. Ogni imprenditore ci sottopone il problema della bolletta pi\u00f9 cara d&#8217;Europa: dobbiamo scollegare il prezzo dell&#8217;energia da quello del gas.<br \/>Meloni non risolve questo problema perch\u00e8 non ha il coraggio di intaccare gli extraprofitti di un pugno di societ\u00e0 energetiche.<br \/>Quinta priorit\u00e0 sono i diritti sociali e civili che stanno insieme&#8221;.<br \/>Poi, ha ringraziato Giani &#8220;che sar\u00e0 di nuovo il presidente della Regione Toscana grazie al lavoro che ha fatto in questi anni.<br \/>Eugenio \u00e8 un amministratore presente, \u00e8 sempre in mezzo alla gente, per questo gli vogliono bene. La gente sa che il suo impegno per questa terra \u00e8 sincero&#8221;, ha sottolineato.<br \/>&#8211; foto Ipa agency &#8211;<br \/>(ITALPRESS).<\/div>\n<div id=\"div-gpt-ad-Messinaoggi.it-DSK-300x250-corpoart\" style=\"text-align:center;margin:0 auto;\"><\/div><\/p><div id=\"videoincontent\" style=\"clear:both\";><\/div>","protected":false},"excerpt":{"rendered":"<p>ROMA (ITALPRESS) &#8211; &#8220;Buon vento alla Global Sumud Flotilla&#8221;, il &#8220;governo italiano anche ieri si \u00e8 espresso contro la pur timida proposta di sanzioni della commissione europea contro il governo israeliano. Ci sta mettendo dalla parte sbagliata della storia&#8221;. Lo ha detto la segretaria del Pd Elly Schlein a Portoferraio, alla Festa dell&#8217;Unit\u00e0 dell&#8217;isola d&#8217;Elba.&#8220;Il [&hellip;]<\/p>\n","protected":false},"author":18,"featured_media":249072,"comment_status":"closed","ping_status":"closed","sticky":false,"template":"","format":"standard","meta":{"ub_ctt_via":"","_mi_skip_tracking":false},"categories":[446,4],"tags":[783],"featured_image_src":"https:\/\/www.messinaoggi.it\/website\/wp-content\/uploads\/2025\/09\/20250831_1637.jpg","author_info":{"display_name":"Admin","author_link":"https:\/\/www.messinaoggi.it\/website\/author\/admin\/"},"digistream_id":0,"digistream":false,"_links":{"self":[{"href":"https:\/\/www.messinaoggi.it\/website\/wp-json\/wp\/v2\/posts\/249071"}],"collection":[{"href":"https:\/\/www.messinaoggi.it\/website\/wp-json\/wp\/v2\/posts"}],"about":[{"href":"https:\/\/www.messinaoggi.it\/website\/wp-json\/wp\/v2\/types\/post"}],"author":[{"embeddable":true,"href":"https:\/\/www.messinaoggi.it\/website\/wp-json\/wp\/v2\/users\/18"}],"replies":[{"embeddable":true,"href":"https:\/\/www.messinaoggi.it\/website\/wp-json\/wp\/v2\/comments?post=249071"}],"version-history":[{"count":1,"href":"https:\/\/www.messinaoggi.it\/website\/wp-json\/wp\/v2\/posts\/249071\/revisions"}],"predecessor-version":[{"id":249073,"href":"https:\/\/www.messinaoggi.it\/website\/wp-json\/wp\/v2\/posts\/249071\/revisions\/249073"}],"wp:featuredmedia":[{"embeddable":true,"href":"https:\/\/www.messinaoggi.it\/website\/wp-json\/wp\/v2\/media\/249072"}],"wp:attachment":[{"href":"https:\/\/www.messinaoggi.it\/website\/wp-json\/wp\/v2\/media?parent=249071"}],"wp:term":[{"taxonomy":"category","embeddable":true,"href":"https:\/\/www.messinaoggi.it\/website\/wp-json\/wp\/v2\/categories?post=249071"},{"taxonomy":"post_tag","embeddable":true,"href":"https:\/\/www.messinaoggi.it\/website\/wp-json\/wp\/v2\/tags?post=249071"}],"curies":[{"name":"wp","href":"https:\/\/api.w.org\/{rel}","templated":true}]}}