{"id":249063,"date":"2025-09-01T00:05:34","date_gmt":"2025-08-31T22:05:34","guid":{"rendered":"https:\/\/www.messinaoggi.it\/website\/2025\/09\/01\/bayrou-accusa-litalia-di-dumping-fiscale-p-chigi-parole-infondate\/"},"modified":"2025-09-01T00:05:34","modified_gmt":"2025-08-31T22:05:34","slug":"bayrou-accusa-litalia-di-dumping-fiscale-p-chigi-parole-infondate","status":"publish","type":"post","link":"https:\/\/www.messinaoggi.it\/website\/2025\/09\/01\/bayrou-accusa-litalia-di-dumping-fiscale-p-chigi-parole-infondate\/","title":{"rendered":"Bayrou accusa l\u2019Italia di dumping fiscale, P.Chigi \u201cParole infondate\u201d"},"content":{"rendered":"<div>ROMA (ITALPRESS) &#8211; L&#8217;Italia sta facendo una politica di dumping fiscale. Lo ha affermato il primo ministro francese, Fran\u00e7ois Bayrou, parlando in diretta tv del rischio che i francesi con pi\u00f9 risorse vadano all&#8217;estero se il governo vara provvedimenti mirati &#8220;ai pi\u00f9 ricchi&#8221;, osservando che &#8220;ormai c&#8217;\u00e8 una specie di nomadismo fiscale e ognuno si trasferisce dove \u00e8 pi\u00f9 conveniente&#8221;. Il premier, a titolo di esempio, ha aggiunto: &#8220;Guardate l&#8217;Italia, che sta facendo una politica di dumping fiscale&#8221;, con riferimento ai vantaggi previsti per chi si trasferisce in Italia o rimpatria dopo alcuni anni trascorsi all&#8217;estero. <br \/>Pronta la replica di Palazzo Chigi: &#8220;Stupiscono le affermazioni, totalmente infondate, del primo ministro francese Francois Bayrou, secondo le quali l&#8217;Italia starebbe facendo &#8216;dumping fiscal\u00e8, penalizzando la Francia. L&#8217;economia italiana \u00e8 attrattiva e va meglio di altre grazie alla stabilit\u00e0 e credibilit\u00e0 della nostra Nazione. L&#8217;Italia non applica politiche di immotivato favore fiscale per attrarre aziende europee e, con questo Governo, ha addirittura raddoppiato l&#8217;onere fiscale forfettario in vigore dal 2016 a carico delle persone fisiche che trasferiscono la residenza in Italia. L&#8217;Italia \u00e8 piuttosto, da molti anni, penalizzata dai cosiddetti &#8216;paradisi fiscali europe\u00ec, che sottraggono alle nostre casse pubbliche ingenti risorse. Confidiamo che, dopo queste affermazioni del suo primo ministro, la Francia voglia finalmente unirsi all&#8217;Italia per intervenire in sede di Unione Europea contro quegli Stati membri che applicano da sempre un sistematico dumping fiscale, con la compiacenza di alcuni Stati europei&#8221;. E&#8217; quanto si legge in una nota.<br \/>&#8211; foto Ipa agency &#8211;<br \/>(ITALPRESS).<\/div>\n<div id=\"div-gpt-ad-Messinaoggi.it-DSK-300x250-corpoart\" style=\"text-align:center;margin:0 auto;\"><\/div><\/p><div id=\"videoincontent\" style=\"clear:both\";><\/div>","protected":false},"excerpt":{"rendered":"<p>ROMA (ITALPRESS) &#8211; L&#8217;Italia sta facendo una politica di dumping fiscale. Lo ha affermato il primo ministro francese, Fran\u00e7ois Bayrou, parlando in diretta tv del rischio che i francesi con pi\u00f9 risorse vadano all&#8217;estero se il governo vara provvedimenti mirati &#8220;ai pi\u00f9 ricchi&#8221;, osservando che &#8220;ormai c&#8217;\u00e8 una specie di nomadismo fiscale e ognuno si [&hellip;]<\/p>\n","protected":false},"author":18,"featured_media":249064,"comment_status":"closed","ping_status":"closed","sticky":false,"template":"","format":"standard","meta":{"ub_ctt_via":"","_mi_skip_tracking":false},"categories":[446],"tags":[783],"featured_image_src":"https:\/\/www.messinaoggi.it\/website\/wp-content\/uploads\/2025\/09\/20250831_1548.jpg","author_info":{"display_name":"Admin","author_link":"https:\/\/www.messinaoggi.it\/website\/author\/admin\/"},"digistream_id":0,"digistream":false,"_links":{"self":[{"href":"https:\/\/www.messinaoggi.it\/website\/wp-json\/wp\/v2\/posts\/249063"}],"collection":[{"href":"https:\/\/www.messinaoggi.it\/website\/wp-json\/wp\/v2\/posts"}],"about":[{"href":"https:\/\/www.messinaoggi.it\/website\/wp-json\/wp\/v2\/types\/post"}],"author":[{"embeddable":true,"href":"https:\/\/www.messinaoggi.it\/website\/wp-json\/wp\/v2\/users\/18"}],"replies":[{"embeddable":true,"href":"https:\/\/www.messinaoggi.it\/website\/wp-json\/wp\/v2\/comments?post=249063"}],"version-history":[{"count":0,"href":"https:\/\/www.messinaoggi.it\/website\/wp-json\/wp\/v2\/posts\/249063\/revisions"}],"wp:featuredmedia":[{"embeddable":true,"href":"https:\/\/www.messinaoggi.it\/website\/wp-json\/wp\/v2\/media\/249064"}],"wp:attachment":[{"href":"https:\/\/www.messinaoggi.it\/website\/wp-json\/wp\/v2\/media?parent=249063"}],"wp:term":[{"taxonomy":"category","embeddable":true,"href":"https:\/\/www.messinaoggi.it\/website\/wp-json\/wp\/v2\/categories?post=249063"},{"taxonomy":"post_tag","embeddable":true,"href":"https:\/\/www.messinaoggi.it\/website\/wp-json\/wp\/v2\/tags?post=249063"}],"curies":[{"name":"wp","href":"https:\/\/api.w.org\/{rel}","templated":true}]}}