{"id":249061,"date":"2025-09-01T00:05:32","date_gmt":"2025-08-31T22:05:32","guid":{"rendered":"https:\/\/www.messinaoggi.it\/website\/2025\/09\/01\/von-der-leyen-leuropa-ha-un-piano-preciso-per-invio-truppe-in-ucraina\/"},"modified":"2025-09-01T00:05:32","modified_gmt":"2025-08-31T22:05:32","slug":"von-der-leyen-leuropa-ha-un-piano-preciso-per-invio-truppe-in-ucraina","status":"publish","type":"post","link":"https:\/\/www.messinaoggi.it\/website\/2025\/09\/01\/von-der-leyen-leuropa-ha-un-piano-preciso-per-invio-truppe-in-ucraina\/","title":{"rendered":"Von der Leyen \u201cL\u2019Europa ha un piano preciso per invio truppe in Ucraina\u201d"},"content":{"rendered":"<div>ROMA (ITALPRESS) &#8211; L&#8217;Europa in merito all&#8217;invio di truppe in Ucraina ha &#8220;un piano piuttosto preciso&#8221;. Lo ha dichiarato la presidente della Commissione europea, Ursula von der Leyen, nel corso di una intervista al Financial Times. <br \/>Esiste una &#8220;chiara tabella di marcia&#8221; per i possibili schieramenti, ha sottolineato la presidente della Commissione europea. &#8220;Le garanzie di sicurezza sono fondamentali e assolutamente cruciali &#8211; ha aggiunto -. Abbiamo una tabella di marcia chiara e un accordo alla Casa Bianca, questo lavoro sta procedendo molto bene&#8221;. Poi, ha spiegato che le capitali europee stanno lavorando a piani per &#8220;uno schieramento di truppe multinazionali e il sostegno degli americani&#8221;. &#8220;Il presidente Trump ci ha rassicurato che ci sar\u00e0 una presenza americana come parte del backstop &#8211; ha affermato -. Questo \u00e8 stato molto chiaro e ripetutamente ribadito&#8221;. &#8220;Il senso di urgenza \u00e8 molto forte&#8221;, ha sottolinea Von der Leyen, che ha anche aggiunto: &#8220;Putin non \u00e8 cambiato, \u00e8 un predatore&#8221;.<br \/>&#8211; foto Ipa agency &#8211;<br \/>(ITALPRESS).<\/div>\n<div id=\"div-gpt-ad-Messinaoggi.it-DSK-300x250-corpoart\" style=\"text-align:center;margin:0 auto;\"><\/div><\/p><div id=\"videoincontent\" style=\"clear:both\";><\/div>","protected":false},"excerpt":{"rendered":"<p>ROMA (ITALPRESS) &#8211; L&#8217;Europa in merito all&#8217;invio di truppe in Ucraina ha &#8220;un piano piuttosto preciso&#8221;. Lo ha dichiarato la presidente della Commissione europea, Ursula von der Leyen, nel corso di una intervista al Financial Times. Esiste una &#8220;chiara tabella di marcia&#8221; per i possibili schieramenti, ha sottolineato la presidente della Commissione europea. &#8220;Le garanzie [&hellip;]<\/p>\n","protected":false},"author":18,"featured_media":249062,"comment_status":"closed","ping_status":"closed","sticky":false,"template":"","format":"standard","meta":{"ub_ctt_via":"","_mi_skip_tracking":false},"categories":[446],"tags":[783],"featured_image_src":"https:\/\/www.messinaoggi.it\/website\/wp-content\/uploads\/2025\/09\/20250831_1489.jpg","author_info":{"display_name":"Admin","author_link":"https:\/\/www.messinaoggi.it\/website\/author\/admin\/"},"digistream_id":0,"digistream":false,"_links":{"self":[{"href":"https:\/\/www.messinaoggi.it\/website\/wp-json\/wp\/v2\/posts\/249061"}],"collection":[{"href":"https:\/\/www.messinaoggi.it\/website\/wp-json\/wp\/v2\/posts"}],"about":[{"href":"https:\/\/www.messinaoggi.it\/website\/wp-json\/wp\/v2\/types\/post"}],"author":[{"embeddable":true,"href":"https:\/\/www.messinaoggi.it\/website\/wp-json\/wp\/v2\/users\/18"}],"replies":[{"embeddable":true,"href":"https:\/\/www.messinaoggi.it\/website\/wp-json\/wp\/v2\/comments?post=249061"}],"version-history":[{"count":0,"href":"https:\/\/www.messinaoggi.it\/website\/wp-json\/wp\/v2\/posts\/249061\/revisions"}],"wp:featuredmedia":[{"embeddable":true,"href":"https:\/\/www.messinaoggi.it\/website\/wp-json\/wp\/v2\/media\/249062"}],"wp:attachment":[{"href":"https:\/\/www.messinaoggi.it\/website\/wp-json\/wp\/v2\/media?parent=249061"}],"wp:term":[{"taxonomy":"category","embeddable":true,"href":"https:\/\/www.messinaoggi.it\/website\/wp-json\/wp\/v2\/categories?post=249061"},{"taxonomy":"post_tag","embeddable":true,"href":"https:\/\/www.messinaoggi.it\/website\/wp-json\/wp\/v2\/tags?post=249061"}],"curies":[{"name":"wp","href":"https:\/\/api.w.org\/{rel}","templated":true}]}}