{"id":24904,"date":"2018-10-02T08:55:21","date_gmt":"2018-10-02T06:55:21","guid":{"rendered":"http:\/\/www.messinaoggi.it\/website\/?p=24904"},"modified":"2018-10-02T08:55:21","modified_gmt":"2018-10-02T06:55:21","slug":"messina-si-appresta-a-celebrare-la-festa-dei-nonni","status":"publish","type":"post","link":"https:\/\/www.messinaoggi.it\/website\/2018\/10\/02\/messina-si-appresta-a-celebrare-la-festa-dei-nonni\/","title":{"rendered":"Piazza Cairoli: la &quot;Festa dei Nonni&quot; sostenuta dal Caff\u00e8 Santoro"},"content":{"rendered":"<p style=\"text-align: justify;\">Si terr\u00e0 oggi, dalle ore 17 a Piazza Cairoli la &#8220;Festa dei Nonni&#8221;.\u00a0 Evento promosso dall&#8217;assessorato al Tempo Libero, guidato da G<strong>iuseppe Scattareggia<\/strong>, in collaborazione con l&#8217;associazione I.D.Me (InformaDonna Messina), rappresentato da <strong>Helga Corrao<\/strong> e <strong>Teresa Impollonia<\/strong>.<br \/>\nL\u2019iniziativa, in programma prevede:\u00a0Torneo di beneficenza di Burraco a cura delle associazioni Circolo Argentieri, Asd\/ApsBurracoTrinacria, Asd Burraco Messina, Burraco del Tirreno, il cui ricavato sar\u00e0 devoluto per l&#8217;acquisto di alcuni giochi per bambini per la Piazza xx settembre. Ai partecipanti il torneo sar\u00e0 offerta una degustazione a cura del <strong>Caff\u00e8 Santoro<\/strong>.<div id=\"div-gpt-ad-Messinaoggi.it-DSK-300x250-corpoart\" style=\"text-align:center;margin:0 auto;\"><\/div><\/p>\n<p style=\"text-align: justify;\">&#8220;<em>Abbiamo deciso di supportare questa iniziativa &#8211; afferma <strong>Lino Santoro<\/strong> &#8211; perch\u00e9 \u00e8 giusto celebrare una festa che vede protagonisti i nonni, i pilastri delle nuove famiglie. Visti i tempi, senza il loro supporto, per una famiglia di genitori lavoratori sarebbe impossibile andare avanti. Io e mio fratello abbiamo deciso di rendere pi\u00f9 dolce questo evento offrendo le nostre specialit\u00e0 messinesi, come i cannoli<\/em>&#8220;.<div id=\"videoincontent\" style=\"clear:both\";><\/div><\/p>\n<p style=\"text-align: justify;\">In programma anche esposizione di varie produzioni artigianali a cura dell&#8217; Associazione Artigiani; &#8211; Esibizione del gruppo i &#8220;Sustanza&#8221; di Musici e cantori folk; Ballo in piazza per tutti animato dalle varie scuole di ballo ed esibizioni.<\/p>\n<p style=\"text-align: justify;\">Nel corso della serata verranno distribuiti buoni a cura degli sponsor : Prestasi, Magiuropa, Ottica Monte. In caso di avverse condizioni meteo la manifestazione sar\u00e0 dirottata nella Galleria Vittorio Emanuele di Piazza Antonello.<\/p>\n<p style=\"text-align: justify;\">La manifestazione nasce dall&#8217;idea di condividere questa importante &#8220;Festa dei Nonni&#8221; discreti angeli terreni, attraverso la collaborazione tra associazione operanti in vari settori in cui sono inseriti molti dei &#8220;nonni&#8221; della nostra citt\u00e0.<\/p>\n<p style=\"text-align: justify;\">\n","protected":false},"excerpt":{"rendered":"<p>Si terr\u00e0 oggi, dalle ore 17 a Piazza Cairoli la &#8220;Festa dei Nonni&#8221;.\u00a0 Evento promosso dall&#8217;assessorato al Tempo Libero, guidato da Giuseppe Scattareggia, in collaborazione con l&#8217;associazione I.D.Me (InformaDonna Messina), rappresentato da Helga Corrao e Teresa Impollonia. L\u2019iniziativa, in programma prevede:\u00a0Torneo di beneficenza di Burraco a cura delle associazioni Circolo Argentieri, Asd\/ApsBurracoTrinacria, Asd Burraco Messina, [&hellip;]<\/p>\n","protected":false},"author":2,"featured_media":24960,"comment_status":"closed","ping_status":"open","sticky":false,"template":"","format":"standard","meta":{"ub_ctt_via":"","_mi_skip_tracking":false},"categories":[5],"tags":[],"featured_image_src":"https:\/\/www.messinaoggi.it\/website\/wp-content\/uploads\/2018\/10\/C72148B9-DEB9-40A5-9435-25A1BF89A28A.jpeg","author_info":{"display_name":"Redazione","author_link":"https:\/\/www.messinaoggi.it\/website\/author\/redazione\/"},"digistream_id":0,"digistream":false,"_links":{"self":[{"href":"https:\/\/www.messinaoggi.it\/website\/wp-json\/wp\/v2\/posts\/24904"}],"collection":[{"href":"https:\/\/www.messinaoggi.it\/website\/wp-json\/wp\/v2\/posts"}],"about":[{"href":"https:\/\/www.messinaoggi.it\/website\/wp-json\/wp\/v2\/types\/post"}],"author":[{"embeddable":true,"href":"https:\/\/www.messinaoggi.it\/website\/wp-json\/wp\/v2\/users\/2"}],"replies":[{"embeddable":true,"href":"https:\/\/www.messinaoggi.it\/website\/wp-json\/wp\/v2\/comments?post=24904"}],"version-history":[{"count":0,"href":"https:\/\/www.messinaoggi.it\/website\/wp-json\/wp\/v2\/posts\/24904\/revisions"}],"wp:featuredmedia":[{"embeddable":true,"href":"https:\/\/www.messinaoggi.it\/website\/wp-json\/wp\/v2\/media\/24960"}],"wp:attachment":[{"href":"https:\/\/www.messinaoggi.it\/website\/wp-json\/wp\/v2\/media?parent=24904"}],"wp:term":[{"taxonomy":"category","embeddable":true,"href":"https:\/\/www.messinaoggi.it\/website\/wp-json\/wp\/v2\/categories?post=24904"},{"taxonomy":"post_tag","embeddable":true,"href":"https:\/\/www.messinaoggi.it\/website\/wp-json\/wp\/v2\/tags?post=24904"}],"curies":[{"name":"wp","href":"https:\/\/api.w.org\/{rel}","templated":true}]}}