{"id":24901,"date":"2018-09-30T00:24:36","date_gmt":"2018-09-29T22:24:36","guid":{"rendered":"http:\/\/www.messinaoggi.it\/website\/?p=24901"},"modified":"2018-09-30T00:24:36","modified_gmt":"2018-09-29T22:24:36","slug":"gnomi-di-pericle","status":"publish","type":"post","link":"https:\/\/www.messinaoggi.it\/website\/2018\/09\/30\/gnomi-di-pericle\/","title":{"rendered":"Gnomi. Di Pericle"},"content":{"rendered":"<h4><span class=\"s1\">Nelle democrazie moderne non \u00e8 il potere &#8211; dei pochi o dell&#8217;uno &#8211; che va temuto, bens\u00ec la sua latitanza ed evanescenza<\/span><\/h4>\n<p class=\"p1\" style=\"text-align: justify;\"><span class=\"s1\">Mentre nel passato les \u00e9lites hanno rappresentato una sorta di avanguardia della societ\u00e0 alla quale appartenevano i pi\u00f9 meritevoli e capaci, oggi questi sono visti solo come l&#8217;espressione dello strapotere economico-finanziario. Di pi\u00f9 sono considerate come il male assoluto, una sorta di Spectre famelica che orienta le scelte politiche fondamentali a misura dei propri interessi e contro gli interessi dei cittadini.<\/span><div id=\"div-gpt-ad-Messinaoggi.it-DSK-300x250-corpoart\" style=\"text-align:center;margin:0 auto;\"><\/div><\/p>\n<p class=\"p1\" style=\"text-align: justify;\"><span class=\"s1\">Questo sentimento di livore e di rancore ha prodotto nel Paese un mostro politico, che di politico non ha nulla, il M5Stelle. \u00c8 questo creatura della &#8220;Piattaforma Rosseau&#8221; entit\u00e0 poco chiara e autarchica, priva di trasparenza e che confligge in maniera palese con i principi fondanti della Repubblica.<\/span><div id=\"videoincontent\" style=\"clear:both\";><\/div><\/p>\n<p class=\"p1\" style=\"text-align: justify;\"><span class=\"s1\">Ma ci\u00f2 che \u00e8 pi\u00f9 grave \u00e8 l&#8217;affermarsi di leadership politiche sempre pi\u00f9 solitarie, assolute e pericolosamente inclini all&#8217;autoritarismo. Nel vuoto creato dalla crisi dei partiti politici e degli altri organismi di rappresentanza collettiva, le decisioni politiche che contano sembrano dipendere sempre pi\u00f9 dalla volont\u00e0 di singoli capi politici, la cui forza non \u00e8 rappresentata solo dai voti che raccolgono nelle elezioni in virt\u00f9 dei loro programmi, ma dal consenso popolare che riescono a costruire grazie ad un uso spregiudicato e manipolatorio dei nuovi strumenti di comunicazione di massa: il web.<\/span><\/p>\n<p class=\"p1\" style=\"text-align: justify;\"><span class=\"s1\">Il pericolo di una democrazia, per chi scrive, non \u00e8 n\u00e8 l&#8217;elitarismo n\u00e8 il populismo, bens\u00ec la mancanza di \u00e9lite o gruppi dirigenti capaci di visione e interpretazione della societ\u00e0 e la mancanza di leader dotati di forza effettiva ( si \u00e8 mai visto un Presidente del Consiglio &#8220;ologramma&#8221; come l&#8217;attuale?).<\/span><\/p>\n<p class=\"p1\" style=\"text-align: justify;\"><span class=\"s1\">Profeticamente un ventennio orsono<span class=\"Apple-converted-space\">\u00a0 <\/span>Chistopher Lasch aveva preconizzato il declino delle \u00e9lites dovuto alla incapacit\u00e0 di queste di comprendere le masse e di essersi ritirate<span class=\"Apple-converted-space\">\u00a0 <\/span>in un fortilizio solo intellettuale. Il populismo cinico e baro dei 5Stelle e della Lega ha sostituito questo sistema ormai decomposto non con un progetto di societ\u00e0 sostenibile ma col solo obiettivo di prenderne il posto senza altro titolo che la veemenza della propria polemica basata sulla reazione emotiva del popolo: immigrazione e reddito di cittadinanza. Il nulla venduto grazie a Twitter e Facebook come la panacea dei problemi del Bel Paese, mentre restano aperte e sanguinanti ferite dolenti come la disoccupazione, il lavoro e il debito pubblico.<\/span><\/p>\n<p class=\"p1\" style=\"text-align: justify;\"><span class=\"s1\">L&#8217;assenza di Uomini di Stato (Salvini e Di Maio offendono il concetto) produce una democrazia istituzionale debole e di conseguenza non leader ma &#8220;gnomi e personaggetti&#8221; che sospinti dal vento del rancore e dai borborigmi della pancia possono<span class=\"Apple-converted-space\">\u00a0 <\/span>e hanno il momento di gloria, ma altrettanto rapidamente vengono spazzati via (Renzi docet). La caratteristica di questi opachi leader \u00e8 rappresentata non dalle idee, ma dall&#8217;enfasi ossessiva che ormai essi pongono nella comunicazione, che per essere efficace deve essere istantanea, martellante, basata su poche parole e su slogan costruiti a misura della polemica del giorno (A.Campi). In conclusione non abbiamo pi\u00f9 \u00e9lite socialmente legittimate e consapevoli del loro ruolo direttivo e ci ritroviamo capi politici senza alcuna competenza tecnica e culturale che sono leader &#8220;usa e getta&#8221; dediti ad assecondare pulsioni frustrate e livorose e privi di un progetto politico-sociale presente o futuro. Ci\u00f2 dovrebbe indurre a riflettere e a partecipare alla costruzione della vita politica: &#8220;poich\u00e8 nelle democrazie odierne non \u00e8 il potere che dobbiamo temere, ma la sua latitanza ed evanescenza nell&#8217;illusione che possa essere di tutti&#8221;. Almeno che non si voglia credere che &#8220;per immunizzarsi dalle malattie esantematiche basta andare dai cuginetti ammalati&#8221; &#8211; cos\u00ec ha detto la Senatrice Taverna del M5S! La speranza? Dopo il Medioevo c&#8217;\u00e8 stato il Rinascimento.<\/span><\/p>\n<p class=\"p1\" style=\"text-align: justify;\">\n","protected":false},"excerpt":{"rendered":"<p>Nelle democrazie moderne non \u00e8 il potere &#8211; dei pochi o dell&#8217;uno &#8211; che va temuto, bens\u00ec la sua latitanza ed evanescenza Mentre nel passato les \u00e9lites hanno rappresentato una sorta di avanguardia della societ\u00e0 alla quale appartenevano i pi\u00f9 meritevoli e capaci, oggi questi sono visti solo come l&#8217;espressione dello strapotere economico-finanziario. Di pi\u00f9 [&hellip;]<\/p>\n","protected":false},"author":2,"featured_media":24902,"comment_status":"closed","ping_status":"open","sticky":false,"template":"","format":"standard","meta":{"ub_ctt_via":"","_mi_skip_tracking":false},"categories":[19],"tags":[],"featured_image_src":"https:\/\/www.messinaoggi.it\/website\/wp-content\/uploads\/2018\/09\/dwarf-1336356_960_720_pixabay.jpg","author_info":{"display_name":"Redazione","author_link":"https:\/\/www.messinaoggi.it\/website\/author\/redazione\/"},"digistream_id":0,"digistream":false,"_links":{"self":[{"href":"https:\/\/www.messinaoggi.it\/website\/wp-json\/wp\/v2\/posts\/24901"}],"collection":[{"href":"https:\/\/www.messinaoggi.it\/website\/wp-json\/wp\/v2\/posts"}],"about":[{"href":"https:\/\/www.messinaoggi.it\/website\/wp-json\/wp\/v2\/types\/post"}],"author":[{"embeddable":true,"href":"https:\/\/www.messinaoggi.it\/website\/wp-json\/wp\/v2\/users\/2"}],"replies":[{"embeddable":true,"href":"https:\/\/www.messinaoggi.it\/website\/wp-json\/wp\/v2\/comments?post=24901"}],"version-history":[{"count":0,"href":"https:\/\/www.messinaoggi.it\/website\/wp-json\/wp\/v2\/posts\/24901\/revisions"}],"wp:featuredmedia":[{"embeddable":true,"href":"https:\/\/www.messinaoggi.it\/website\/wp-json\/wp\/v2\/media\/24902"}],"wp:attachment":[{"href":"https:\/\/www.messinaoggi.it\/website\/wp-json\/wp\/v2\/media?parent=24901"}],"wp:term":[{"taxonomy":"category","embeddable":true,"href":"https:\/\/www.messinaoggi.it\/website\/wp-json\/wp\/v2\/categories?post=24901"},{"taxonomy":"post_tag","embeddable":true,"href":"https:\/\/www.messinaoggi.it\/website\/wp-json\/wp\/v2\/tags?post=24901"}],"curies":[{"name":"wp","href":"https:\/\/api.w.org\/{rel}","templated":true}]}}