{"id":249003,"date":"2025-08-31T00:00:30","date_gmt":"2025-08-30T22:00:30","guid":{"rendered":"https:\/\/www.messinaoggi.it\/website\/2025\/08\/31\/urso-ponte-sullo-stretto-e-privatizzazione-degli-aeroporti-svolta-per-la-sicilia\/"},"modified":"2025-08-31T13:08:37","modified_gmt":"2025-08-31T11:08:37","slug":"urso-ponte-sullo-stretto-e-privatizzazione-degli-aeroporti-svolta-per-la-sicilia","status":"publish","type":"post","link":"https:\/\/www.messinaoggi.it\/website\/2025\/08\/31\/urso-ponte-sullo-stretto-e-privatizzazione-degli-aeroporti-svolta-per-la-sicilia\/","title":{"rendered":"Urso \u201cPonte sullo Stretto e privatizzazione degli aeroporti svolta per la Sicilia\u201d"},"content":{"rendered":"<div>\n<p>CATANIA (ITALPRESS) \u2013 <em>\u201cCon il Ponte sullo Stretto, la vera svolta \u00e8 la privatizzazione degli aeroporti siciliani. Si \u00e8 perso troppo tempo\u201d<\/em>. Lo ha detto il ministro delle Imprese e del Made in Italy, Adolfo <strong>Urso,<\/strong> intervendo all\u2019<strong>Etna Forum di Ragalna<\/strong> (Catania).<em> \u201cLo scalo etneo pu\u00f2 diventare il centro di sviluppo dell\u2019intera Sicilia<\/em> \u2013 ha sottolineato \u2013 <em>cos\u00ec come potranno esserlo anche Palermo, Trapani, Comiso, le isole minori, Lampedusa e Pantelleria\u201d.<\/em> Secondo Urso,<em> \u201csolo attraverso investimenti di player industriali privati, italiani o internazionali, questa rete aeroportuale potr\u00e0 diventare hub del Mediterraneo per i voli intercontinentali, verso il Nord e il Sud, e in direzione delle Americhe\u201d<\/em>.<div id=\"div-gpt-ad-Messinaoggi.it-DSK-300x250-corpoart\" style=\"text-align:center;margin:0 auto;\"><\/div><\/p>\n<p><em>\u201cIl Ponte sullo Stretto segna la nuova fase della Sicilia. Mi auguro che la classe dirigente siciliana, a cominciare da Fratelli d\u2019Italia, sappia cogliere questa straordinaria opportunit\u00e0 storica. La storia non passa pi\u00f9 volte: stavolta passa dalla Sicilia\u201d. <\/em>ha aggiunto. \u201cI<em>l Ponte sullo Stretto \u00e8 simbolicamente e strutturalmente il collegamento di quest\u2019Europa che potr\u00e0 crescere solo con il Sud, attraverso il Mediterraneo. \u00c8 per questo che gi\u00e0 il Mezzogiorno, negli anni del governo Meloni, \u00e8 cresciuto pi\u00f9 del Nord del Paese: l\u2019energia non proviene pi\u00f9 dal Nord, ma dal Sud e va verso il Nord\u201d<\/em>. <em>\u201cNon \u00e8 un caso<\/em> \u2013 ha concluso Adolfo Urso \u2013<em> che la Germania non si rifornisca pi\u00f9 dalla Russia ma attraverso l\u2019Italia, che \u00e8 diventata l\u2019hub del gas europeo e sta diventando l\u2019hub elettrico del Mediterraneo. Da qui l\u2019attenzione del Governo verso la Sicilia\u201d.<\/em><div id=\"videoincontent\" style=\"clear:both\";><\/div><\/p>\n<h3><strong>LE PAROLE DI URSO SULL\u2019UCRAINA<\/strong><\/h3>\n<p><em>\u201cGli eventi drammatici di oggi ci mostrano che l\u2019Europa, che dopo la caduta del Muro di Berlino era cresciuta lungo la rotta continentale e con le materie prime della Russia, non esiste pi\u00f9. La guerra della Russia all\u2019Ucraina non \u00e8 una parentesi, ma un salto nella storia che ha ricreato una cortina di ferro\u201d, <\/em>ha dichiarato il ministro sulla guerra in Ucraina.<\/p>\n<p>\u2013 foto IPA Agency \u2013<\/p>\n<p>(ITALPRESS).<\/p>\n<\/div>\n","protected":false},"excerpt":{"rendered":"<p>CATANIA (ITALPRESS) \u2013 \u201cCon il Ponte sullo Stretto, la vera svolta \u00e8 la privatizzazione degli aeroporti siciliani. Si \u00e8 perso troppo tempo\u201d. Lo ha detto il ministro delle Imprese e del Made in Italy, Adolfo Urso, intervendo all\u2019Etna Forum di Ragalna (Catania). \u201cLo scalo etneo pu\u00f2 diventare il centro di sviluppo dell\u2019intera Sicilia \u2013 ha [&hellip;]<\/p>\n","protected":false},"author":18,"featured_media":249004,"comment_status":"closed","ping_status":"closed","sticky":false,"template":"","format":"standard","meta":{"ub_ctt_via":"","_mi_skip_tracking":false},"categories":[19,2449],"tags":[783],"featured_image_src":"https:\/\/www.messinaoggi.it\/website\/wp-content\/uploads\/2025\/08\/20250723_2300.jpg","author_info":{"display_name":"Admin","author_link":"https:\/\/www.messinaoggi.it\/website\/author\/admin\/"},"digistream_id":0,"digistream":false,"_links":{"self":[{"href":"https:\/\/www.messinaoggi.it\/website\/wp-json\/wp\/v2\/posts\/249003"}],"collection":[{"href":"https:\/\/www.messinaoggi.it\/website\/wp-json\/wp\/v2\/posts"}],"about":[{"href":"https:\/\/www.messinaoggi.it\/website\/wp-json\/wp\/v2\/types\/post"}],"author":[{"embeddable":true,"href":"https:\/\/www.messinaoggi.it\/website\/wp-json\/wp\/v2\/users\/18"}],"replies":[{"embeddable":true,"href":"https:\/\/www.messinaoggi.it\/website\/wp-json\/wp\/v2\/comments?post=249003"}],"version-history":[{"count":1,"href":"https:\/\/www.messinaoggi.it\/website\/wp-json\/wp\/v2\/posts\/249003\/revisions"}],"predecessor-version":[{"id":249029,"href":"https:\/\/www.messinaoggi.it\/website\/wp-json\/wp\/v2\/posts\/249003\/revisions\/249029"}],"wp:featuredmedia":[{"embeddable":true,"href":"https:\/\/www.messinaoggi.it\/website\/wp-json\/wp\/v2\/media\/249004"}],"wp:attachment":[{"href":"https:\/\/www.messinaoggi.it\/website\/wp-json\/wp\/v2\/media?parent=249003"}],"wp:term":[{"taxonomy":"category","embeddable":true,"href":"https:\/\/www.messinaoggi.it\/website\/wp-json\/wp\/v2\/categories?post=249003"},{"taxonomy":"post_tag","embeddable":true,"href":"https:\/\/www.messinaoggi.it\/website\/wp-json\/wp\/v2\/tags?post=249003"}],"curies":[{"name":"wp","href":"https:\/\/api.w.org\/{rel}","templated":true}]}}