{"id":248995,"date":"2025-08-30T18:05:32","date_gmt":"2025-08-30T16:05:32","guid":{"rendered":"https:\/\/www.messinaoggi.it\/website\/2025\/08\/30\/tudor-contro-il-genoa-serve-una-grande-juventus\/"},"modified":"2025-08-30T18:05:32","modified_gmt":"2025-08-30T16:05:32","slug":"tudor-contro-il-genoa-serve-una-grande-juventus","status":"publish","type":"post","link":"https:\/\/www.messinaoggi.it\/website\/2025\/08\/30\/tudor-contro-il-genoa-serve-una-grande-juventus\/","title":{"rendered":"Tudor \u201cContro il Genoa serve una grande Juventus\u201d"},"content":{"rendered":"<div>TORINO (ITALPRESS) &#8211; <em>&#8220;E&#8217; stata una bella settimana. I ragazzi hanno lavorato molto bene. Domani dobbiamo fare una grande gara, contro un avversario difficile. Loro sono un team tosto e organizzato. Bisogna fare molto bene per fare punti in quello stadio. Le sensazioni dopo la sfida col Parma sono positive&#8221;. <\/em><div id=\"div-gpt-ad-Messinaoggi.it-DSK-300x250-corpoart\" style=\"text-align:center;margin:0 auto;\"><\/div><\/p>\n<p>Cos\u00ec il tecnico della <strong>Juventus<\/strong>, <strong>Igor<\/strong> <strong>Tudor<\/strong>, in conferenza stampa, alla vigilia della gara di campionato, in trasferta, contro il Genoa. &#8220;<em>Il mercato \u00e8 complicato, mancano ancora due giorni ma ha detto tutto Cobolli, che sta lavorando in maniera importante. Io sono soddisfatto della squadra. Stiamo facendo bene. Bremer \u00e8 rientrato in modo positivo. Ora aspettiamo il rientro di Cabal. Vedremo poi cosa succeder\u00e0 da qua alla fine del mercato&#8221;<\/em>, ha aggiunto <strong>Tudor<\/strong>.<div id=\"videoincontent\" style=\"clear:both\";><\/div><\/p>\n<p>Sui singoli ha le idee chiare il tecnico bianconero: <em>&#8220;Nico Gonzalez mi piace e mi \u00e8 piaciuto sempre. Ha avuto qualche acciacco e non \u00e8 ora nella migliore condizione fisica. E&#8217; un giocatore che pu\u00f2 fare pi\u00f9 ruoli e che ha caratteristiche diverse rispetto agli altri. Sono felice che sia ancora qui con noi. Koopmeiners \u00e8 un titolare e lo sar\u00e0 domani. E&#8217; un giocatore forte, importante. E&#8217; sulla strada buona. Vlahovic? Vediamo&#8221;.<\/em><\/p>\n<p><strong>Tudor<\/strong> ha anche parlato di modulo: <em>&#8220;Possiamo giocare anche con il 3-5-2. Jonathan David pu\u00f2 e deve giocare l\u00ec davanti; non lo vedo pi\u00f9 dietro. Kalulu l&#8217;ultima gara ha fatto movimenti perfetti. Ha dato solidit\u00e0 difensiva, \u00e8 sempre applicato e concentrato&#8221;.<\/em><\/p>\n<p>Infine sul sorteggio Champions <strong>Tudor<\/strong> ha affermato: <em>&#8220;Poteva andare peggio o andare meglio. Sono tutte partite difficili. Ma il sorteggio \u00e8 stato bello. Quando si sente quella musica tutti sono eccitati. Ci siamo guadagnati la Champions con gli ultimi mesi dello scorso campionato&#8221;.<\/em><\/p>\n<p>&#8211; foto IPA Agency &#8211;<\/p>\n<p>(ITALPRESS)<\/p><\/div>\n","protected":false},"excerpt":{"rendered":"<p>TORINO (ITALPRESS) &#8211; &#8220;E&#8217; stata una bella settimana. I ragazzi hanno lavorato molto bene. Domani dobbiamo fare una grande gara, contro un avversario difficile. Loro sono un team tosto e organizzato. Bisogna fare molto bene per fare punti in quello stadio. Le sensazioni dopo la sfida col Parma sono positive&#8221;. Cos\u00ec il tecnico della Juventus, [&hellip;]<\/p>\n","protected":false},"author":18,"featured_media":248996,"comment_status":"closed","ping_status":"closed","sticky":false,"template":"","format":"standard","meta":{"ub_ctt_via":"","_mi_skip_tracking":false},"categories":[446],"tags":[783],"featured_image_src":"https:\/\/www.messinaoggi.it\/website\/wp-content\/uploads\/2025\/08\/20250830_1036.jpg","author_info":{"display_name":"Admin","author_link":"https:\/\/www.messinaoggi.it\/website\/author\/admin\/"},"digistream_id":0,"digistream":false,"_links":{"self":[{"href":"https:\/\/www.messinaoggi.it\/website\/wp-json\/wp\/v2\/posts\/248995"}],"collection":[{"href":"https:\/\/www.messinaoggi.it\/website\/wp-json\/wp\/v2\/posts"}],"about":[{"href":"https:\/\/www.messinaoggi.it\/website\/wp-json\/wp\/v2\/types\/post"}],"author":[{"embeddable":true,"href":"https:\/\/www.messinaoggi.it\/website\/wp-json\/wp\/v2\/users\/18"}],"replies":[{"embeddable":true,"href":"https:\/\/www.messinaoggi.it\/website\/wp-json\/wp\/v2\/comments?post=248995"}],"version-history":[{"count":0,"href":"https:\/\/www.messinaoggi.it\/website\/wp-json\/wp\/v2\/posts\/248995\/revisions"}],"wp:featuredmedia":[{"embeddable":true,"href":"https:\/\/www.messinaoggi.it\/website\/wp-json\/wp\/v2\/media\/248996"}],"wp:attachment":[{"href":"https:\/\/www.messinaoggi.it\/website\/wp-json\/wp\/v2\/media?parent=248995"}],"wp:term":[{"taxonomy":"category","embeddable":true,"href":"https:\/\/www.messinaoggi.it\/website\/wp-json\/wp\/v2\/categories?post=248995"},{"taxonomy":"post_tag","embeddable":true,"href":"https:\/\/www.messinaoggi.it\/website\/wp-json\/wp\/v2\/tags?post=248995"}],"curies":[{"name":"wp","href":"https:\/\/api.w.org\/{rel}","templated":true}]}}