{"id":248993,"date":"2025-08-30T18:05:30","date_gmt":"2025-08-30T16:05:30","guid":{"rendered":"https:\/\/www.messinaoggi.it\/website\/2025\/08\/30\/linter-alla-prova-udinese-chivu-niente-cali-di-concentrazione\/"},"modified":"2025-08-30T18:05:30","modified_gmt":"2025-08-30T16:05:30","slug":"linter-alla-prova-udinese-chivu-niente-cali-di-concentrazione","status":"publish","type":"post","link":"https:\/\/www.messinaoggi.it\/website\/2025\/08\/30\/linter-alla-prova-udinese-chivu-niente-cali-di-concentrazione\/","title":{"rendered":"L\u2019Inter alla prova Udinese, Chivu \u201cNiente cali di concentrazione\u201d"},"content":{"rendered":"<div>MILANO (ITALPRESS) &#8211; Con la concretezza di chi conosce bene il valore del lavoro quotidiano, <strong>Cristian Chivu<\/strong> ha tracciato la rotta in vista di <strong>Inter-Udinese<\/strong>, in programma domani alle 20.45 a San Siro. Il tecnico nerazzurro, nella conferenza stampa della vigilia, ha ribadito concetti chiari: mentalit\u00e0, meritocrazia e motivazioni come bussola per affrontare un avversario insidioso.<div id=\"div-gpt-ad-Messinaoggi.it-DSK-300x250-corpoart\" style=\"text-align:center;margin:0 auto;\"><\/div><\/p>\n<p><em>&#8220;Dobbiamo mantenere atteggiamento e mentalit\u00e0 avute nella scorsa partita&#8221;<\/em>, ha sottolineato l&#8217;allenatore, guardando al match che arriva prima della sosta. Un passaggio che diventa banco di prova non solo per la squadra, ma anche per chi torna a disposizione: <em>&#8220;Calhanoglu? E&#8217; un giocatore importante, l&#8217;ha dimostrato, come ha mostrato la voglia di far parte di questo gruppo. Dal primo giorno di ripresa ci ha fatto vedere delle cose importante. E&#8217; tornato motivato e con la mentalit\u00e0 giusta, come tutti gli altri. Siamo contenti torni dopo la squalifica&#8221;.<\/em><div id=\"videoincontent\" style=\"clear:both\";><\/div><\/p>\n<p>Tra i temi pi\u00f9 caldi, la crescita dei giovani. L&#8217;allenatore rumeno si \u00e8 soffermato su Pio Esposito: &#8220;Conosco Esposito da quando aveva 13, so della sua ambizione e della sua motivazione. E&#8217; un ragazzo con i piedi per terra, sa che deve lavorare. La convocazione in Nazionale \u00e8 una sfida che a lui piace. E&#8217; un ragazzo umile, pi\u00f9 aumentano le aspettative pi\u00f9 lui rende meglio. Sono contento e felice per lui&#8221;.<\/p>\n<p>Ampio spazio anche alla gestione del gruppo e al turnover: <em>&#8220;Per avere un gruppo motivato e sana competizione serve accontentare un p\u00f2 tutti, ma non si deve perdere la meritocrazia. Il livello in campo deve essere alto, il primo principio \u00e8 la meritocrazia. Bisogna prepararsi al meglio all&#8217;opportunit\u00e0, per il bene del gruppo, a prescindere se si parte dall&#8217;inizio o si subentra. Tutti devono fare vedere che sono soluzioni valide&#8221;.<\/em><\/p>\n<p>Niente proiezioni a lungo termine, solo concentrazione sul presente: <em>&#8220;Penso solo alla gara di domani, visto che poi c&#8217;\u00e8 la sosta. Non guardo troppo avanti, troppi piani danneggiano a livello mentale e di aspettative&#8221;.<\/em> E sul possibile impiego dal primo minuto di alcuni giocatori, Chivu non si sbilancia: <em>&#8220;Sucic titolare? Io guardo 22 giocatori di movimento che devono cercare di mettermi in difficolt\u00e0&#8221;.<\/em><\/p>\n<p>Infine, uno sguardo agli avversari e alle soluzioni tattiche interne: <em>&#8220;Frattesi? E&#8217; una mezzala di inserimento, ma pu\u00f2 giocare anche sottopunta, posizione in cui pu\u00f2 darmi anche pi\u00f9 densit\u00e0&#8221;<\/em>, ha spiegato il tecnico, prima di mettere in guardia sul valore dei bianconeri: <em>&#8220;Non dobbiamo sbagliare nulla. Loro sono una squadra ostica, strutturata dal punto di vista fisico. L&#8217;anno scorso hanno fatto vedere belle cose. E&#8217; sempre difficile affrontare una squadra come l&#8217;Udinese&#8221;.<\/em><\/p>\n<p>Domani a San Siro sar\u00e0 quindi sfida di nervi e concentrazione: l&#8217;Inter di Chivu arriva con le idee chiare e un mantra ben definito, quello della mentalit\u00e0 vincente.<\/p>\n<p>&#8211; Foto IPA Agency &#8211;<\/p>\n<p>(ITALPRESS).<\/p><\/div>\n","protected":false},"excerpt":{"rendered":"<p>MILANO (ITALPRESS) &#8211; Con la concretezza di chi conosce bene il valore del lavoro quotidiano, Cristian Chivu ha tracciato la rotta in vista di Inter-Udinese, in programma domani alle 20.45 a San Siro. Il tecnico nerazzurro, nella conferenza stampa della vigilia, ha ribadito concetti chiari: mentalit\u00e0, meritocrazia e motivazioni come bussola per affrontare un avversario [&hellip;]<\/p>\n","protected":false},"author":18,"featured_media":248994,"comment_status":"closed","ping_status":"closed","sticky":false,"template":"","format":"standard","meta":{"ub_ctt_via":"","_mi_skip_tracking":false},"categories":[446],"tags":[783],"featured_image_src":"https:\/\/www.messinaoggi.it\/website\/wp-content\/uploads\/2025\/08\/20250830_1027.jpg","author_info":{"display_name":"Admin","author_link":"https:\/\/www.messinaoggi.it\/website\/author\/admin\/"},"digistream_id":0,"digistream":false,"_links":{"self":[{"href":"https:\/\/www.messinaoggi.it\/website\/wp-json\/wp\/v2\/posts\/248993"}],"collection":[{"href":"https:\/\/www.messinaoggi.it\/website\/wp-json\/wp\/v2\/posts"}],"about":[{"href":"https:\/\/www.messinaoggi.it\/website\/wp-json\/wp\/v2\/types\/post"}],"author":[{"embeddable":true,"href":"https:\/\/www.messinaoggi.it\/website\/wp-json\/wp\/v2\/users\/18"}],"replies":[{"embeddable":true,"href":"https:\/\/www.messinaoggi.it\/website\/wp-json\/wp\/v2\/comments?post=248993"}],"version-history":[{"count":0,"href":"https:\/\/www.messinaoggi.it\/website\/wp-json\/wp\/v2\/posts\/248993\/revisions"}],"wp:featuredmedia":[{"embeddable":true,"href":"https:\/\/www.messinaoggi.it\/website\/wp-json\/wp\/v2\/media\/248994"}],"wp:attachment":[{"href":"https:\/\/www.messinaoggi.it\/website\/wp-json\/wp\/v2\/media?parent=248993"}],"wp:term":[{"taxonomy":"category","embeddable":true,"href":"https:\/\/www.messinaoggi.it\/website\/wp-json\/wp\/v2\/categories?post=248993"},{"taxonomy":"post_tag","embeddable":true,"href":"https:\/\/www.messinaoggi.it\/website\/wp-json\/wp\/v2\/tags?post=248993"}],"curies":[{"name":"wp","href":"https:\/\/api.w.org\/{rel}","templated":true}]}}