{"id":248956,"date":"2025-08-30T00:45:30","date_gmt":"2025-08-29T22:45:30","guid":{"rendered":"https:\/\/www.messinaoggi.it\/website\/2025\/08\/29\/schifani-stimo-tardino-con-salvini-non-e-successo-nulla-e-su-una-eventuale-ricandidatura-il-mio-lavoro-ha-bisogno-di-continuita\/"},"modified":"2025-08-30T15:31:39","modified_gmt":"2025-08-30T13:31:39","slug":"schifani-stimo-tardino-con-salvini-non-e-successo-nulla-e-su-una-eventuale-ricandidatura-il-mio-lavoro-ha-bisogno-di-continuita","status":"publish","type":"post","link":"https:\/\/www.messinaoggi.it\/website\/2025\/08\/30\/schifani-stimo-tardino-con-salvini-non-e-successo-nulla-e-su-una-eventuale-ricandidatura-il-mio-lavoro-ha-bisogno-di-continuita\/","title":{"rendered":"Schifani \u201cStimo Tardino, con Salvini non \u00e8 successo nulla\u201d. E su una eventuale ricandidatura: \u201cIl mio lavoro ha bisogno di continuit\u00e0\u201d"},"content":{"rendered":"<div>\n<p>RAGALNA (CATANIA) (ITALPRESS) \u2013 \u201c<strong><em>Stimo Annalisa Tardino, \u00e8 una brava avvocata e mi sono trovato bene con lei nel coordinamento della Lega\u201d.<\/em><\/strong> Lo ha dichiarato, in merito alla nomina di <strong>Annalisa Tardino come commissario straordinario dell\u2019Autorit\u00e0 di Sistema portuale del Mare di Sicilia occidentale, il presidente della Regione siciliana, Renato Schifani,<\/strong> intervistato nell\u2019ambito della manifestazione EtnaForum, a Ragalna, nel catanese.<div id=\"div-gpt-ad-Messinaoggi.it-DSK-300x250-corpoart\" style=\"text-align:center;margin:0 auto;\"><\/div><\/p>\n<p><em> \u201cPer quel settore<\/em> (Autorit\u00e0 Portuale n.d.r)<em><strong> penso serva una figura tecnica,<\/strong> quanto meno competente. Ad aprile, dopo un confronto informale con il ministro Matteo Salvini non ci siamo pi\u00f9 sentiti. A giugno ho avuto un incontro con il vice ministro Rixi, che ha la delega ai porti. In quella fase avevo condiviso l\u2019esigenza di garantire continuit\u00e0 tecnica, facendo riferimento a Pasqualino Monti. Monti ha regalato il mare a Palermo,<\/em>\u201d ha detto Schifani. \u201c<em>Quando ad aprile Salvini mi manifest\u00f2 le sue ipotesi sulle nomine ebbi a dire che stimavo Tardino e l\u2019avrei presa in considerazione in caso di rimpasto, ma per quel settore occorreva una figura tecnica.<strong> Stimo Tardino, che reputo un ottimo avvocato e le mando un grande abbraccio\u201d, <\/strong><\/em>ha concluso Schifani.<div id=\"videoincontent\" style=\"clear:both\";><\/div><\/p>\n<p>\u201c<em>Successivamente non ci siamo pi\u00f9 sentiti. Mi \u00e8 stata chiesta un\u2019intesa sull\u2019Autorit\u00e0 portuale di Messina e l\u2019ho concessa. Il primo luglio ho scritto al ministro Salvini e domandato come mai avessi ricevuto una richiesta d\u2019intesa su Messina mentre non arrivava nessuna notizia su Palermo. Ho preferito restare in attesa: non avrei voluto che si arrivasse a un commissariamento, perch\u00e9 ritengo necessaria la continuit\u00e0 e una guida radicata nel territorio. Non ho avuto alcun riscontro e il 18 agosto \u00e8 stata comunicata questa nomina\u201d,<\/em> ha ricostruito il presidente della Regione Siciliana.<\/p>\n<p>Sull\u2019incrinarsi dei rapporti con il ministro delle Infrastrutture, <strong>Matteo Salvini,<\/strong> il governatore Schifani ha dichiarato: \u201c<em>Il \u2018grande amore\u2019 non \u00e8 cambiato, non \u00e8 successo nulla. Ho gi\u00e0 dichiarato che Salvini \u00e8 il miglior ministro delle Infrastrutture di un governo nazionale che la Sicilia ha avuto\u201d.<\/em><\/p>\n<h3><strong>SUL PONTE \u201cPROGETTO PIU\u2019 AMPIO, NON PUO\u2019 RIMANERE ISOLATO\u201d<\/strong><\/h3>\n<p><strong>\u00a0\u201c<\/strong><em><strong>Quello del ponte \u00e8 un progetto ampio<\/strong>, che prevede anche l\u2019accelerazione della rete ferroviaria: la media velocit\u00e0 sulla Palermo-Catania-Messina verr\u00e0 completata nel 2032, finanziata in parte dal Fondo sviluppo e coesione e in parte dal Pnrr<\/em> \u2013 ha sottolineato Schifani \u2013<em> Gi\u00e0 entro quest\u2019anno la media velocit\u00e0 nel primo tratto che parte da Catania sar\u00e0 completata, poi ci sono altri cinque lotti<\/em> \u2013 aggiunge Schifani -. <em>Stiamo andando avanti in un progetto condiviso, cos\u00ec come sulla Catania-Ragusa e sulla Palermo-Catania della quale io stesso ho chiesto la nomina a commissario, per semplificare tutti questi cantieri: quando mi sono insediato ho trovato la Palermo-Catania con 30 cantieri, di cui 20 non funzionanti, pertanto ho chiesto poteri per accelerare i lavori con le imprese che perdevano tempo. Abbiamo visto che c\u2019era pure un ulteriore investimento da 800 milioni, perch\u00e9 la Palermo-Catania non \u00e8 mai stata oggetto di manutenzione e alcuni ponti rischiavano il crollo: volevamo evitare che si ripetesse la disgrazia del ponte di Genova. Con il ministero e i miei subcommissari lavoriamo per avere in 2-3 anni un\u2019autostrada totalmente rinnovata: il ponte non pu\u00f2 rimanere isolato a se stesso, perch\u00e9 correremmo il rischio che arrivi tanta gente a Messina e poi si fermi a Messina\u201d.\u00a0<\/em><\/p>\n<h3><strong>SCHIFANI SU UNA POSSIBILE RICANDIDATURA: \u201cRITENGO CHE IL MIO LAVORO ABBIA BISOGNO DI CONTINUITA&#8217;\u201d<\/strong><\/h3>\n<p><em>\u00a0\u201cAbbiamo superato un momento terribile con la morte di Silvio Berlusconi. L\u2019europeismo e l\u2019atlantismo restano sue eredit\u00e0 ideali, al di l\u00e0 della classe dirigente\u201d<\/em>. Lo ha dichiarato il presidente della Regione Renato Schifani, intervistato nell\u2019ambito della manifestazione EtnaForum, a Ragalna, nel catanese.<em> \u201cLa vera svolta<\/em> \u2013 ha aggiunto \u2013 <em>\u00e8 arrivata pochi giorni fa, con l\u2019approvazione della norma che introduce l\u2019elezione diretta dei coordinatori regionali, prima previsti soltanto a livello provinciale. \u00c8 un cambiamento importante: quando si innova possono nascere competizioni, ma questa \u00e8 la democrazia. Non deve per\u00f2 tradursi in polemiche esterne. Il confronto deve restare interno, perch\u00e9 divisioni pubbliche non giovano all\u2019immagine del partito<\/em>\u201c. Schifani ha poi fatto riferimento, senza citarla, alla candidatura alla<strong> presidenza della Regione Siciliana non negata dal vice presidente della Camera Giorgio Mul\u00e8.<\/strong> \u201c<em>Mi auguro che eventuali tensioni si spengano presto<\/em> \u2013 ha sottolineato -. <em>I rapporti con Fratelli d\u2019Italia sono ottimi. Con Ignazio La Russa stiamo lavorando bene e conosco Giorgia Meloni da quando era giovanissima. Siamo orgogliosi di lei, oggi leader di riferimento in Europa. Confido che il prossimo congresso sar\u00e0 sereno e dialettico, e sono certo che sar\u00e0 cos\u00ec<\/em>\u201d ha aggiunto il presidente. <strong>Sulla propria candidatura alle Regionali 2027, Schifani ha chiarito<\/strong><em>: \u201cSono due aspetti diversi: guidare il partito \u00e8 una cosa, proseguire l\u2019impegno istituzionale un\u2019altra. Ho ricevuto grande sostegno anche dagli alleati. Cito in particolare Elena Pagana, che mi ha dato un contributo importante<strong>. Ritengo che il mio lavoro abbia bisogno di continuit\u00e0. Stiamo affrontando sfide cruciali come i termovalorizzatori, l\u2019emergenza idrica e la riapertura delle Terme di Sciacca\u201d.<\/strong><\/em><\/p>\n<p>-Foto IPA Agency-<br \/>\n(ITALPRESS).<\/p>\n<\/div>\n","protected":false},"excerpt":{"rendered":"<p>RAGALNA (CATANIA) (ITALPRESS) \u2013 \u201cStimo Annalisa Tardino, \u00e8 una brava avvocata e mi sono trovato bene con lei nel coordinamento della Lega\u201d. Lo ha dichiarato, in merito alla nomina di Annalisa Tardino come commissario straordinario dell\u2019Autorit\u00e0 di Sistema portuale del Mare di Sicilia occidentale, il presidente della Regione siciliana, Renato Schifani, intervistato nell\u2019ambito della manifestazione [&hellip;]<\/p>\n","protected":false},"author":18,"featured_media":248957,"comment_status":"closed","ping_status":"closed","sticky":false,"template":"","format":"standard","meta":{"ub_ctt_via":"","_mi_skip_tracking":false},"categories":[4,2449],"tags":[783],"featured_image_src":"https:\/\/www.messinaoggi.it\/website\/wp-content\/uploads\/2025\/08\/Schifani-1-1.jpg","author_info":{"display_name":"Admin","author_link":"https:\/\/www.messinaoggi.it\/website\/author\/admin\/"},"digistream_id":0,"digistream":false,"_links":{"self":[{"href":"https:\/\/www.messinaoggi.it\/website\/wp-json\/wp\/v2\/posts\/248956"}],"collection":[{"href":"https:\/\/www.messinaoggi.it\/website\/wp-json\/wp\/v2\/posts"}],"about":[{"href":"https:\/\/www.messinaoggi.it\/website\/wp-json\/wp\/v2\/types\/post"}],"author":[{"embeddable":true,"href":"https:\/\/www.messinaoggi.it\/website\/wp-json\/wp\/v2\/users\/18"}],"replies":[{"embeddable":true,"href":"https:\/\/www.messinaoggi.it\/website\/wp-json\/wp\/v2\/comments?post=248956"}],"version-history":[{"count":1,"href":"https:\/\/www.messinaoggi.it\/website\/wp-json\/wp\/v2\/posts\/248956\/revisions"}],"predecessor-version":[{"id":248985,"href":"https:\/\/www.messinaoggi.it\/website\/wp-json\/wp\/v2\/posts\/248956\/revisions\/248985"}],"wp:featuredmedia":[{"embeddable":true,"href":"https:\/\/www.messinaoggi.it\/website\/wp-json\/wp\/v2\/media\/248957"}],"wp:attachment":[{"href":"https:\/\/www.messinaoggi.it\/website\/wp-json\/wp\/v2\/media?parent=248956"}],"wp:term":[{"taxonomy":"category","embeddable":true,"href":"https:\/\/www.messinaoggi.it\/website\/wp-json\/wp\/v2\/categories?post=248956"},{"taxonomy":"post_tag","embeddable":true,"href":"https:\/\/www.messinaoggi.it\/website\/wp-json\/wp\/v2\/tags?post=248956"}],"curies":[{"name":"wp","href":"https:\/\/api.w.org\/{rel}","templated":true}]}}