{"id":248942,"date":"2025-08-29T19:05:32","date_gmt":"2025-08-29T17:05:32","guid":{"rendered":"https:\/\/www.messinaoggi.it\/website\/2025\/08\/29\/conte-champions-il-massimo-per-un-club-ma-ora-testa-al-cagliari\/"},"modified":"2025-08-29T19:05:32","modified_gmt":"2025-08-29T17:05:32","slug":"conte-champions-il-massimo-per-un-club-ma-ora-testa-al-cagliari","status":"publish","type":"post","link":"https:\/\/www.messinaoggi.it\/website\/2025\/08\/29\/conte-champions-il-massimo-per-un-club-ma-ora-testa-al-cagliari\/","title":{"rendered":"Conte \u201cChampions il massimo per un club, ma ora testa al Cagliari\u201d"},"content":{"rendered":"<div>NAPOLI (ITALPRESS) &#8211; Alla vigilia della sfida di campionato tra <strong>Napoli e Cagliari, in programma domani sera allo stadio Maradona, Antonio Conte<\/strong> ha fatto il punto sia sui sorteggi della <strong>Champions League che sull&#8217;inizio della Serie A<\/strong>. <em>&#8220;Il mio pensiero sulla Champions? Parlo a nome del Napoli. Siamo molto contenti di giocare questa manifestazione. E&#8217; il massimo per una squadra di club. Abbiamo entusiasmo. Lo facciamo con voglia e umilt\u00e0 cercando di imparare da chi l&#8217;ha vinta. Sperando di superare i maestri. Ora siamo concentrati sul Cagliari&#8221;,<\/em> ha dichiarato l&#8217;allenatore campione d&#8217;Italia.<div id=\"div-gpt-ad-Messinaoggi.it-DSK-300x250-corpoart\" style=\"text-align:center;margin:0 auto;\"><\/div><\/p>\n<p>Conte ha poi analizzato il campionato: &#8220;<em><strong>Vedo squadre molto attrezzate dopo la prima giornata.<\/strong> Sar\u00e0 un campionato difficile perch\u00e8 ci sono team attrezzati per ambire a tutto. Tre mesi dopo il Cagliari al Maradona? Sar\u00e0 una gioia trovarsi di nuovo dopo la conquista dello scudetto. Ci ritroviamo e lo faremo con la stessa voglia e determinazione. Fondamentale che il connubio tra squadra e tifosi ci sia ancora. Ma quello che \u00e8 stato \u00e8 stato, &#8216;scurdammec o passat'&#8221;<\/em>.<div id=\"videoincontent\" style=\"clear:both\";><\/div><\/p>\n<p>Il mister azzurro ha parlato anche delle scelte di mercato e dell&#8217;organico: <em>&#8220;Quello che io ho pi\u00f9 volte detto \u00e8 che la rosa non aveva calciatori che andavano in doppia cifra. Quest&#8217;anno abbiamo cercato di portare calciatori con pi\u00f9 gol. McTominay ha cominciato dove aveva finito. De Bruyne si \u00e8 integrato. Gioca Meret? Ho detto che tra i pali dovrete sempre aspettare il giorno della partita&#8221;<\/em>.<\/p>\n<p>Infine, uno sguardo agli ultimi movimenti di mercato: <em>&#8220;Se ho pensato ad un modo veloce per la forma di chi arriver\u00e0 nelle ultime ore di mercato? Si dovranno fare delle valutazioni. Lo abbiamo fatto l&#8217;anno scorso e lo faremo di nuovo&#8221;.<\/em><br \/>\nFoto: Ipa Agency &#8211;<br \/>\n(ITALPRESS).<\/div>\n","protected":false},"excerpt":{"rendered":"<p>NAPOLI (ITALPRESS) &#8211; Alla vigilia della sfida di campionato tra Napoli e Cagliari, in programma domani sera allo stadio Maradona, Antonio Conte ha fatto il punto sia sui sorteggi della Champions League che sull&#8217;inizio della Serie A. &#8220;Il mio pensiero sulla Champions? Parlo a nome del Napoli. Siamo molto contenti di giocare questa manifestazione. E&#8217; [&hellip;]<\/p>\n","protected":false},"author":18,"featured_media":248943,"comment_status":"closed","ping_status":"closed","sticky":false,"template":"","format":"standard","meta":{"ub_ctt_via":"","_mi_skip_tracking":false},"categories":[446],"tags":[783],"featured_image_src":"https:\/\/www.messinaoggi.it\/website\/wp-content\/uploads\/2025\/08\/20250829_1298.jpg","author_info":{"display_name":"Admin","author_link":"https:\/\/www.messinaoggi.it\/website\/author\/admin\/"},"digistream_id":0,"digistream":false,"_links":{"self":[{"href":"https:\/\/www.messinaoggi.it\/website\/wp-json\/wp\/v2\/posts\/248942"}],"collection":[{"href":"https:\/\/www.messinaoggi.it\/website\/wp-json\/wp\/v2\/posts"}],"about":[{"href":"https:\/\/www.messinaoggi.it\/website\/wp-json\/wp\/v2\/types\/post"}],"author":[{"embeddable":true,"href":"https:\/\/www.messinaoggi.it\/website\/wp-json\/wp\/v2\/users\/18"}],"replies":[{"embeddable":true,"href":"https:\/\/www.messinaoggi.it\/website\/wp-json\/wp\/v2\/comments?post=248942"}],"version-history":[{"count":0,"href":"https:\/\/www.messinaoggi.it\/website\/wp-json\/wp\/v2\/posts\/248942\/revisions"}],"wp:featuredmedia":[{"embeddable":true,"href":"https:\/\/www.messinaoggi.it\/website\/wp-json\/wp\/v2\/media\/248943"}],"wp:attachment":[{"href":"https:\/\/www.messinaoggi.it\/website\/wp-json\/wp\/v2\/media?parent=248942"}],"wp:term":[{"taxonomy":"category","embeddable":true,"href":"https:\/\/www.messinaoggi.it\/website\/wp-json\/wp\/v2\/categories?post=248942"},{"taxonomy":"post_tag","embeddable":true,"href":"https:\/\/www.messinaoggi.it\/website\/wp-json\/wp\/v2\/tags?post=248942"}],"curies":[{"name":"wp","href":"https:\/\/api.w.org\/{rel}","templated":true}]}}