{"id":248940,"date":"2025-08-29T17:05:33","date_gmt":"2025-08-29T15:05:33","guid":{"rendered":"https:\/\/www.messinaoggi.it\/website\/2025\/08\/29\/gasperini-soddisfatto-della-mia-roma-sancho-non-preghiamo-nessuno\/"},"modified":"2025-08-29T17:05:33","modified_gmt":"2025-08-29T15:05:33","slug":"gasperini-soddisfatto-della-mia-roma-sancho-non-preghiamo-nessuno","status":"publish","type":"post","link":"https:\/\/www.messinaoggi.it\/website\/2025\/08\/29\/gasperini-soddisfatto-della-mia-roma-sancho-non-preghiamo-nessuno\/","title":{"rendered":"Gasperini \u201cSoddisfatto della mia Roma, Sancho? Non preghiamo nessuno\u201d"},"content":{"rendered":"<div>ROMA (ITALPRESS) &#8211; <em>&#8220;Siamo contenti di aver vinto alla prima contro un avversario ostico e difficile come il Bologna. Adesso dobbiamo proseguire, a cominciare da domani, in una partita insidiosa contro una squadra che torna in Serie A dopo tanti anni e che all&#8217;esordio ha fatto un&#8217;ottima prestazione su un campo difficile come quello di Bergamo&#8221;<\/em>. Cos\u00ec Gian Piero <strong>Gasperini<\/strong> in conferenza stampa alla vigilia di <strong>Pisa-Roma.<\/strong> Un avvio di avventura nella Capitale che lascia soddisfatto il tecnico giallorosso: <em>&#8220;La cosa pi\u00f9 importante \u00e8 stata la risposta dei giocatori, della squadra: in questi due mesi sono stati sempre partecipi, mi hanno seguito e ci hanno creduto, presentandosi a inizio campionato con un grande spirito. Al di l\u00e0 della prestazione, che \u00e8 sempre migliorabile, questa per me \u00e8 la base di partenza&#8221;.<\/em><div id=\"div-gpt-ad-Messinaoggi.it-DSK-300x250-corpoart\" style=\"text-align:center;margin:0 auto;\"><\/div><\/p>\n<p>L&#8217;ex mister dell&#8217;Atalanta si sofferma sulle ultime ore del mercato<em>: &#8220;Manca poco alla fine, fino alle 20:00 di luned\u00ec sono tutte parole al vento. Sancho? Non so quali siano i margini in questi giorni, ma sono dell&#8217;idea che non bisogna pregare nessuno. Sancho, ma vale anche per altri giocatori, \u00e8 sicuramente una possibilit\u00e0 per noi perch\u00e8 pu\u00f2 darci un valore aggiunto. Ma allo stesso tempo \u00e8 una grande opportunit\u00e0 per loro. Se entrano in questo tipo di pensiero le cose si sposano, altrimenti non si possono mettere insieme due mentalit\u00e0 cos\u00ec opposte. Se lo capisce, \u00e8 un acquisto che ha senso. Altrimenti rester\u00e0 dov&#8217;\u00e8&#8221;.<\/em><div id=\"videoincontent\" style=\"clear:both\";><\/div><\/p>\n<p>Una battuta sull&#8217;ultimo arrivo Ziolkowski: &#8220;<em>E&#8217; un acquisto che ha visto Massara e io mi fido delle sue intuizioni di mercato. E&#8217; un profilo che rientra tra quelli richiesti, un ragazzo che ha gi\u00e0 fatto esperienza, che pu\u00f2 crescere dietro a Mancini trovando man mano gli spazi e mostrando la sua evoluzione futura. Ci auguriamo tutti di aver preso un giocatore di alto livello<\/em>&#8220;. <em>&#8220;Dybala? Non \u00e8 un problema, va sfruttato per le sue caratteristiche<\/em> &#8211; prosegue Gasp &#8211; <em>E&#8217; un giocatore che d\u00e0 un valore aggiunto, ma la Roma deve avere una sua identit\u00e0 a prescindere dall&#8217;individuo. Dovbyk? Si \u00e8 sempre allenato bene. Non ho alcun appunto da fare su di lui e mi aspetto che domani porti tutta la sua energia, che giochi dall&#8217;inizio o a partita in corso&#8221;<\/em>.<\/p>\n<p>Poi il tema di discussione \u00e8 diventato Lorenzo Pellegrini: <em>&#8220;Sar\u00e0 convocato, ha lavorato in gruppo tutta la settimana. Di lui ho gi\u00e0 detto: la difficolt\u00e0 \u00e8 trovare la soluzione migliore sia per la societ\u00e0 che per il giocatore. Mi sembra per\u00f2 che finalmente si sia aperto un dialogo vero tra le due parti. Lui \u00e8 attaccatissimo alla Roma e ha voglia di mettersi in gioco per raggiungere i suoi obiettivi e continuare la sua carriera. E&#8217; chiaro che il contratto \u00e8 un vincolo importante, ma di storie cos\u00ec \u00e8 pieno il mondo del calcio. Se trover\u00e0 la collocazione migliore, saremo tutti felici e io gli auguro il meglio. Il problema \u00e8 che ormai mancano solo tre giorni alla ch<\/em><em>iusura del mercato, ma la disponibilit\u00e0 della societ\u00e0 e del giocatore mi sembra totale&#8221;<\/em>.<\/p>\n<p>Focus, infine, sul sorteggio di Europa League: <em>&#8220;Lille e Stoccarda sono ottime squadre, il Midtjylland l&#8217;ho incontrato pi\u00f9 di una volta e ho fatto fatica. Andremo due volte in Scozia, anche a Nizza. Ci sar\u00e0 da sudare partita per partita, punto per punto. Proveremo ad arrivare tra le prime otto, ma se non dovessimo riuscirci non mi strapper\u00f2 i capelli. L&#8217;importante \u00e8 chiudere tra le prime ventiquattro, poi le competizioni diventano decisive da marzo&#8221;,<\/em> conclude Gasperini.<\/p>\n<p>&#8211; Foto Ipa Agency &#8211;<\/p>\n<p>(ITALPRESS).<\/p><\/div>\n","protected":false},"excerpt":{"rendered":"<p>ROMA (ITALPRESS) &#8211; &#8220;Siamo contenti di aver vinto alla prima contro un avversario ostico e difficile come il Bologna. Adesso dobbiamo proseguire, a cominciare da domani, in una partita insidiosa contro una squadra che torna in Serie A dopo tanti anni e che all&#8217;esordio ha fatto un&#8217;ottima prestazione su un campo difficile come quello di [&hellip;]<\/p>\n","protected":false},"author":18,"featured_media":248941,"comment_status":"closed","ping_status":"closed","sticky":false,"template":"","format":"standard","meta":{"ub_ctt_via":"","_mi_skip_tracking":false},"categories":[446],"tags":[783],"featured_image_src":"https:\/\/www.messinaoggi.it\/website\/wp-content\/uploads\/2025\/08\/20250829_0978.jpg","author_info":{"display_name":"Admin","author_link":"https:\/\/www.messinaoggi.it\/website\/author\/admin\/"},"digistream_id":0,"digistream":false,"_links":{"self":[{"href":"https:\/\/www.messinaoggi.it\/website\/wp-json\/wp\/v2\/posts\/248940"}],"collection":[{"href":"https:\/\/www.messinaoggi.it\/website\/wp-json\/wp\/v2\/posts"}],"about":[{"href":"https:\/\/www.messinaoggi.it\/website\/wp-json\/wp\/v2\/types\/post"}],"author":[{"embeddable":true,"href":"https:\/\/www.messinaoggi.it\/website\/wp-json\/wp\/v2\/users\/18"}],"replies":[{"embeddable":true,"href":"https:\/\/www.messinaoggi.it\/website\/wp-json\/wp\/v2\/comments?post=248940"}],"version-history":[{"count":0,"href":"https:\/\/www.messinaoggi.it\/website\/wp-json\/wp\/v2\/posts\/248940\/revisions"}],"wp:featuredmedia":[{"embeddable":true,"href":"https:\/\/www.messinaoggi.it\/website\/wp-json\/wp\/v2\/media\/248941"}],"wp:attachment":[{"href":"https:\/\/www.messinaoggi.it\/website\/wp-json\/wp\/v2\/media?parent=248940"}],"wp:term":[{"taxonomy":"category","embeddable":true,"href":"https:\/\/www.messinaoggi.it\/website\/wp-json\/wp\/v2\/categories?post=248940"},{"taxonomy":"post_tag","embeddable":true,"href":"https:\/\/www.messinaoggi.it\/website\/wp-json\/wp\/v2\/tags?post=248940"}],"curies":[{"name":"wp","href":"https:\/\/api.w.org\/{rel}","templated":true}]}}