{"id":248938,"date":"2025-08-29T17:05:31","date_gmt":"2025-08-29T15:05:31","guid":{"rendered":"https:\/\/www.messinaoggi.it\/website\/2025\/08\/29\/von-der-leyen-putin-predatore-europa-sia-pronta-a-difendersi\/"},"modified":"2025-08-29T17:05:31","modified_gmt":"2025-08-29T15:05:31","slug":"von-der-leyen-putin-predatore-europa-sia-pronta-a-difendersi","status":"publish","type":"post","link":"https:\/\/www.messinaoggi.it\/website\/2025\/08\/29\/von-der-leyen-putin-predatore-europa-sia-pronta-a-difendersi\/","title":{"rendered":"Von der Leyen \u201cPutin predatore, Europa sia pronta a difendersi\u201d"},"content":{"rendered":"<div>RIGA (LETTONIA) &#8211;<em> &#8220;L&#8217;Europa \u00e8 sicura solo se il confine orientale \u00e8 sicuro&#8221;.<\/em> Cos\u00ec la presidente della Commissione europea, Ursula <strong>von der Leyen<\/strong>, in conferenza stampa a Riga, in Lettonia. <em>&#8220;E&#8217; impressionante il lavoro che state svolgendo, contate su di me per essere al vostro fianco&#8221;,<\/em> ha aggiunto rivolgendosi alla premier lettone Evika Silina.<em> &#8220;I rischi rispetto ai quali il vostro Paese e gli altri Stati baltici ci avevano messo in guardia purtroppo si sono materializzati. La brutale guerra della Russia contro l&#8217;Ucraina \u00e8 ormai al suo quarto anno. Putin \u00e8 un predatore, i suoi alleati prendono di mira le nostre societ\u00e0 da anni con attacchi ibridi e informatici&#8221;,<\/em> ha aggiunto.<div id=\"div-gpt-ad-Messinaoggi.it-DSK-300x250-corpoart\" style=\"text-align:center;margin:0 auto;\"><\/div><\/p>\n<p><em>&#8220;Mentre rafforziamo la difesa dell&#8217;Ucraina, dobbiamo anche assumerci una maggiore responsabilit\u00e0 per la nostra difesa. E&#8217; questa la logica del nostro Piano Industriale della Difesa da 800 miliardi di euro che abbiamo lanciato. Parte di questo piano \u00e8 lo strumento congiunto di appalti, SAFE, da 150 miliardi di euro&#8221;.<\/em> Per questo, <em>&#8220;sono molto lieta che 19 Stati membri abbiano richiesto supporto tramite SAFE e sono lieta di annunciare che abbiamo raggiunto la piena sottoscrizione di 150 miliardi di euro. Molti Stati membri hanno indicato che li utilizzeranno anche per sostenere l&#8217;industria della difesa ucraina. Si tratta di un vero successo europeo&#8221;<\/em>.<div id=\"videoincontent\" style=\"clear:both\";><\/div><\/p>\n<p>Ora <em>&#8220;abbiamo tre obiettivi su cui lavorare: a ottobre faremo il punto della situazione al Consiglio europeo con la road map per il 2030. Esamineremo le lacune in termini di capacit\u00e0 e come colmarle. Il secondo obiettivo \u00e8, entro il 2030, rafforzare significativamente le nostre capacit\u00e0 di difesa e il terzo obiettivo parallelo \u00e8 contribuire a garantire che l&#8217;Ucraina abbia garanzie di sicurezza incrollabili. Questo \u00e8 anche il motivo per cui, nel nuovo bilancio europeo, abbiamo proposto un aumento di cinque volte della spesa per la difesa, perch\u00e8 pensiamo che sia giunto il momento di prepararci&#8221;,<\/em> ha spiegato.<\/p>\n<p>&#8211; foto: Ipa Agency &#8211;<\/p>\n<p>(ITALPRESS).<\/p><\/div>\n","protected":false},"excerpt":{"rendered":"<p>RIGA (LETTONIA) &#8211; &#8220;L&#8217;Europa \u00e8 sicura solo se il confine orientale \u00e8 sicuro&#8221;. Cos\u00ec la presidente della Commissione europea, Ursula von der Leyen, in conferenza stampa a Riga, in Lettonia. &#8220;E&#8217; impressionante il lavoro che state svolgendo, contate su di me per essere al vostro fianco&#8221;, ha aggiunto rivolgendosi alla premier lettone Evika Silina. &#8220;I [&hellip;]<\/p>\n","protected":false},"author":18,"featured_media":248939,"comment_status":"closed","ping_status":"closed","sticky":false,"template":"","format":"standard","meta":{"ub_ctt_via":"","_mi_skip_tracking":false},"categories":[446],"tags":[783],"featured_image_src":"https:\/\/www.messinaoggi.it\/website\/wp-content\/uploads\/2025\/08\/20250829_0962.jpg","author_info":{"display_name":"Admin","author_link":"https:\/\/www.messinaoggi.it\/website\/author\/admin\/"},"digistream_id":0,"digistream":false,"_links":{"self":[{"href":"https:\/\/www.messinaoggi.it\/website\/wp-json\/wp\/v2\/posts\/248938"}],"collection":[{"href":"https:\/\/www.messinaoggi.it\/website\/wp-json\/wp\/v2\/posts"}],"about":[{"href":"https:\/\/www.messinaoggi.it\/website\/wp-json\/wp\/v2\/types\/post"}],"author":[{"embeddable":true,"href":"https:\/\/www.messinaoggi.it\/website\/wp-json\/wp\/v2\/users\/18"}],"replies":[{"embeddable":true,"href":"https:\/\/www.messinaoggi.it\/website\/wp-json\/wp\/v2\/comments?post=248938"}],"version-history":[{"count":0,"href":"https:\/\/www.messinaoggi.it\/website\/wp-json\/wp\/v2\/posts\/248938\/revisions"}],"wp:featuredmedia":[{"embeddable":true,"href":"https:\/\/www.messinaoggi.it\/website\/wp-json\/wp\/v2\/media\/248939"}],"wp:attachment":[{"href":"https:\/\/www.messinaoggi.it\/website\/wp-json\/wp\/v2\/media?parent=248938"}],"wp:term":[{"taxonomy":"category","embeddable":true,"href":"https:\/\/www.messinaoggi.it\/website\/wp-json\/wp\/v2\/categories?post=248938"},{"taxonomy":"post_tag","embeddable":true,"href":"https:\/\/www.messinaoggi.it\/website\/wp-json\/wp\/v2\/tags?post=248938"}],"curies":[{"name":"wp","href":"https:\/\/api.w.org\/{rel}","templated":true}]}}