{"id":248904,"date":"2025-08-29T13:07:15","date_gmt":"2025-08-29T11:07:15","guid":{"rendered":"http:\/\/www.messinaoggi.it\/website\/?p=248904"},"modified":"2025-08-29T13:07:17","modified_gmt":"2025-08-29T11:07:17","slug":"caro-affitti-in-aumento-anche-a-messina-la-denuncia-di-udu-e-sunia","status":"publish","type":"post","link":"https:\/\/www.messinaoggi.it\/website\/2025\/08\/29\/caro-affitti-in-aumento-anche-a-messina-la-denuncia-di-udu-e-sunia\/","title":{"rendered":"Caro affitti in aumento anche a Messina, la denuncia di Udu e Sunia"},"content":{"rendered":"\n<p id=\"m_-4809434966132252216gmail-docs-internal-guid-dfd63ec0-7fff-e9e2-7797-37bc54189d03\"><br>Udu Messina e Sunia Messina intervengono sul caro affitti che colpisce l&#8217;Italia ed ha effetti anche sulla nostra citt\u00e0, in particolare sugli studenti universitari. <div id=\"div-gpt-ad-Messinaoggi.it-DSK-300x250-corpoart\" style=\"text-align:center;margin:0 auto;\"><\/div><\/p>\n\n\n\n<p id=\"m_-4809434966132252216gmail-docs-internal-guid-dfd63ec0-7fff-e9e2-7797-37bc54189d03\">&#8220;L\u2019ultimo rapporto di<a rel=\"noreferrer noopener\" href=\"http:\/\/immobiliare.it\/\" target=\"_blank\"> Immobiliare.it <\/a>Insights conferma ci\u00f2 che denunciamo da anni: il caro affitti per le persone che studiano all&#8217;universit\u00e0 \u00e8 ormai fuori controllo.<div id=\"videoincontent\" style=\"clear:both\";><\/div><\/p>\n\n\n\n<p>Nel 2025 i prezzi delle camere singole sono passati da una media nazionale di 461\u20ac a 613\u20ac in un solo anno: +152 euro al mese, frutto di pura speculazione resa possibile dall\u2019assenza di politiche abitative serie&#8221; denunciano i due sindacati.<\/p>\n\n\n\n<p>&#8220;La crisi non risparmia il Mezzogiorno: <strong><em>a Messina il prezzo medio di una singola ha raggiunto i 275\u20ac al mese<\/em><\/strong>, con un aumento del 20% rispetto al 2022, quando il costo era fermo a 229\u20ac. Una crescita che, seppur inferiore alla media nazionale, pesa in maniera sproporzionata sul reddito medio delle famiglie siciliane, rendendo ancora pi\u00f9 complesso l\u2019accesso agli studi universitari&#8221; spiegano.<\/p>\n\n\n\n<p>UDU e SUNIA denunciano da tempo &#8220;la totale assenza di politiche sull\u2019abitare. Da un lato  chi studia chiede un piano di edilizia universitaria pubblica e calmierata; dall\u2019altro il SUNIA sottolinea come l\u2019attuale mercato degli affitti sia governato esclusivamente da logiche speculative&#8221;.<\/p>\n\n\n\n<p>\u201c<em>Non \u00e8 pi\u00f9 tollerabile che il diritto allo studio venga negato per colpa di affitti fuori controllo e della mancanza di posti nelle residenze pubbliche<\/em> \u2013 dichiara <strong>Emanuele Carlo<\/strong>, <strong>Coordinatore UDU Messina<\/strong> \u2013 <em>chi studia nella nostra citt\u00e0 \u00e8 doppiamente penalizzato: dal caro affitti e dalla cronica carenza di posti letto. \u00c8 arrivata la notizia dell\u2019approvazione del decreto che finanzia con 11 milioni i lavori per la vecchia Casa dello Studente, ma restano davanti a noi ancora quattro anni di attese e incertezze. Nel frattempo, a pagare sono le famiglie<\/em>.\u201d<\/p>\n\n\n\n<figure class=\"wp-block-image size-large is-resized\"><img loading=\"lazy\" src=\"https:\/\/www.messinaoggi.it\/website\/wp-content\/uploads\/2025\/08\/1000201381.jpg\" alt=\"\" class=\"wp-image-248910\" width=\"454\" height=\"650\"\/><figcaption>Emanuele Carlo<\/figcaption><\/figure>\n\n\n\n<p><strong>Claudio Vallone, Segretario del SUNIA Messina<\/strong>, aggiunge: \u201c<em>Il mercato a Messina sta diventando insostenibile anche per le famiglie: gli affitti crescono mentre i salari rimangono invariati. Non c\u2019\u00e8 pi\u00f9 tempo da perdere, bisogna attuare delle politiche abitative strutturate che facciano anche da contrappeso all&#8217;impennata che si registra anno dopo anno negli affitti. Si aggiunga l&#8217;effetto di non poco conto sul mercato degli affitti brevi, che devono essere contenuti incentivando altre forme contrattuali, come i contratti agevolati, a canone concordato. Noi, nel frattempo, continuiamo a offrire assistenza e supporto legale a chi studia e non solo, attraverso il nostro sportello sugli affitti attivo presso la sede della CGIL di Messina.<\/em>\u201d<\/p>\n\n\n\n<p>&#8220;Finch\u00e9 gli affitti resteranno fuori controllo, il diritto allo studio continuer\u00e0 a essere un privilegio: <strong>servono case accessibili, non speculazioni per pochi&#8221; <\/strong>concludono i sindacati<strong>.<\/strong><\/p>\n","protected":false},"excerpt":{"rendered":"<p>Udu Messina e Sunia Messina intervengono sul caro affitti che colpisce l&#8217;Italia ed ha effetti anche sulla nostra citt\u00e0, in particolare sugli studenti universitari. &#8220;L\u2019ultimo rapporto di Immobiliare.it Insights conferma ci\u00f2 che denunciamo da anni: il caro affitti per le persone che studiano all&#8217;universit\u00e0 \u00e8 ormai fuori controllo. Nel 2025 i prezzi delle camere singole [&hellip;]<\/p>\n","protected":false},"author":15,"featured_media":248909,"comment_status":"open","ping_status":"open","sticky":false,"template":"","format":"standard","meta":{"ub_ctt_via":"","_mi_skip_tracking":false},"categories":[4,6],"tags":[8764,8664,6331,53],"featured_image_src":"https:\/\/www.messinaoggi.it\/website\/wp-content\/uploads\/2025\/08\/1-e1756465470867.png","author_info":{"display_name":"red.me","author_link":"https:\/\/www.messinaoggi.it\/website\/author\/red-me\/"},"digistream_id":0,"digistream":false,"_links":{"self":[{"href":"https:\/\/www.messinaoggi.it\/website\/wp-json\/wp\/v2\/posts\/248904"}],"collection":[{"href":"https:\/\/www.messinaoggi.it\/website\/wp-json\/wp\/v2\/posts"}],"about":[{"href":"https:\/\/www.messinaoggi.it\/website\/wp-json\/wp\/v2\/types\/post"}],"author":[{"embeddable":true,"href":"https:\/\/www.messinaoggi.it\/website\/wp-json\/wp\/v2\/users\/15"}],"replies":[{"embeddable":true,"href":"https:\/\/www.messinaoggi.it\/website\/wp-json\/wp\/v2\/comments?post=248904"}],"version-history":[{"count":5,"href":"https:\/\/www.messinaoggi.it\/website\/wp-json\/wp\/v2\/posts\/248904\/revisions"}],"predecessor-version":[{"id":248911,"href":"https:\/\/www.messinaoggi.it\/website\/wp-json\/wp\/v2\/posts\/248904\/revisions\/248911"}],"wp:featuredmedia":[{"embeddable":true,"href":"https:\/\/www.messinaoggi.it\/website\/wp-json\/wp\/v2\/media\/248909"}],"wp:attachment":[{"href":"https:\/\/www.messinaoggi.it\/website\/wp-json\/wp\/v2\/media?parent=248904"}],"wp:term":[{"taxonomy":"category","embeddable":true,"href":"https:\/\/www.messinaoggi.it\/website\/wp-json\/wp\/v2\/categories?post=248904"},{"taxonomy":"post_tag","embeddable":true,"href":"https:\/\/www.messinaoggi.it\/website\/wp-json\/wp\/v2\/tags?post=248904"}],"curies":[{"name":"wp","href":"https:\/\/api.w.org\/{rel}","templated":true}]}}