{"id":248895,"date":"2025-08-29T11:45:30","date_gmt":"2025-08-29T09:45:30","guid":{"rendered":"https:\/\/www.messinaoggi.it\/website\/2025\/08\/29\/a-palermo-34-anni-fa-lassassinio-di-libero-grassi-il-ricordo-in-via-alfieri\/"},"modified":"2025-08-29T11:45:30","modified_gmt":"2025-08-29T09:45:30","slug":"a-palermo-34-anni-fa-lassassinio-di-libero-grassi-il-ricordo-in-via-alfieri","status":"publish","type":"post","link":"https:\/\/www.messinaoggi.it\/website\/2025\/08\/29\/a-palermo-34-anni-fa-lassassinio-di-libero-grassi-il-ricordo-in-via-alfieri\/","title":{"rendered":"A Palermo 34 anni fa l\u2019assassinio di Libero Grassi, il ricordo in via Alfieri"},"content":{"rendered":"<div>\n<p>PALERMO (ITALPRESS) \u2013 La sua morte ha segnato l\u2019avvio di una nuova stagione di lotta alla mafia, colpendo al cuore quella societ\u00e0 civile che fino ad allora non era ancora riuscita a fare concretamente i conti con le estorsioni:<strong> il ricordo di Libero Grassi \u00e8 ancora vivo nel cuore e nella mente di Palermo,<\/strong> il suo testimone \u00e8 stato raccolto da tantissime associazioni e trasmesso alle generazioni successive dall\u2019attivit\u00e0 incessante della moglie Pina e dei figli Alice e Davide.<div id=\"div-gpt-ad-Messinaoggi.it-DSK-300x250-corpoart\" style=\"text-align:center;margin:0 auto;\"><\/div><\/p>\n<p>A celebrarne la memoria in via Alfieri, nel luogo e nell\u2019orario esatto (7:45) in cui 34 anni fa il proprietario dell\u2019azienda tessile Sigma venne assassinato, il sindaco di Palermo Roberto Lagalla, il prefetto di Palermo Massimo Mariani, l\u2019assessore regionale ai Beni culturali Francesco Scarpinato, il presidente della commissione regionale Antimafia Antonello Cracolici e l\u2019ex presidente del Senato Pietro Grasso. Con loro i figli di Grassi e i rappresentanti delle Forze dell\u2019Ordine. La mattina del 29 agosto 1991 l\u2019imprenditore venne raggiunto da quattro colpi di pistola poco dopo essere uscito di casa: a sparare fu Salvino Madonia, killer di Cosa nostra poi condannato all\u2019ergastolo. La ribellione e la conseguente denuncia di Grassi, pagate con la vita, furono determinanti per convincere tanti imprenditori a ribellarsi al giogo del pizzo e denunciare i tentativi di estorsione. Dopo l\u2019affissione del manifesto commemorativo, \u00e8 stata spruzzata nel punto in cui venne colpito della vernice rossa per simboleggiare il sangue versato dal proprietario di Sigma; in seguito sopra la macchia sono state deposte una serie di piantine per rendere omaggio alla sua figura.<div id=\"videoincontent\" style=\"clear:both\";><\/div><\/p>\n<p><em>\u201cIn questo momento a Palermo occorre tenere duro<\/em>\u00a0\u2013 sottolinea <strong>Davide Grassi,<\/strong> il figlio di Libero -. <em>Oltre alla cultura mafiosa, che purtroppo ha sempre resistito anche se in fasce sempre meno numerose della popolazione, in questi mesi la citt\u00e0 \u00e8 diventata molto violenta e questo prima non c\u2019era, o comunque non si vedeva: questa violenza \u00e8 sintomo di perdita di valori e di convivenza. Anche a Palermo, come in tanti altri luoghi e in diversi momenti storici, spesso si fanno due passi avanti e uno indietro: \u00e8 nella storia che si deve tenere duro\u201d<\/em>.<\/p>\n<p><strong>Alice Grassi<\/strong> si sofferma sullo stato di avanzamento dei lavori all\u2019interno del parco intitolato a suo padre, situato nel quartiere di Acqua dei Corsari<em>: \u201cAd aprile abbiamo ricevuto una lettera dall\u2019assessore Alongi per collaborare alla progettazione del parco vero e proprio e non solo alla bonifica, che \u00e8 gi\u00e0 finanziata: abbiamo fatto il progetto e oggi io lo presenter\u00f2. Per me \u00e8 fondamentale sapere se, una volta finita la bonifica, il parco verr\u00e0 completato per come \u00e8 stato pensato: \u00e8 inutile trovare poi un enorme telo di plastica su un terreno inquinato e tante piazzole di cemento su cose che non verranno realizzate mai. Non voglio essere responsabile di un ennesimo scempio e di uno spreco di denaro pubblico: i soldi devono essere utilizzati bene e in questo senso stiamo facendo approfondimenti con la collaborazione della facolt\u00e0 di Ingegneria, perch\u00e9 ci sono problemi di erosione marina e drenaggio delle acque. Andiamo avanti anche con il progetto paesaggistico-architettonico, daremo un prodotto finito e funzionante ma dal sindaco abbiamo avuto ora la rassicurazione che il parco si far\u00e0: lo stand-by sui lavori di bonifica \u00e8 proprio per adeguarli al futuro del parco, io non so se riuscir\u00f2 a entrarci, ma sicuramente mio figlio ce la far\u00e0\u201d.<\/em><\/p>\n<p>Nel tracciare un ricordo del proprietario di Sigma, <strong>Scarpinato<\/strong> ricorda come <em>\u201ci momenti difficili si superano con il lavoro e l\u2019esempio: oggi ricordiamo un grande eroe come Libero Grassi, che si \u00e8 opposto alla mafia e al pizzo e ha dato a Palermo lo slancio di rialzarsi, combattere e andare avanti. Il suo esempio \u00e8 stato trasmesso a tantissimi giovani, testimoniando che la Sicilia deve andare avanti sulla scorta di figure come lui\u201d.<\/em> Anche <strong>Grasso<\/strong> invita a recepire l\u2019insegnamento di una figura che ha trovato il coraggio di ribellarsi a Cosa nostra: <em>\u201cDobbiamo fare di tutto per custodire la memoria, perch\u00e9 \u00e8 importante per costruire un futuro migliore per questa citt\u00e0. Onorare Libero Grassi \u00e8 importantissimo, perch\u00e9 \u00e8 un grande esempio di etica civile: ha saputo dire no al ricatto mafioso e questo deve essere l\u2019esempio principale per Palermo. Oggi lo scenario \u00e8 diverso rispetto al 1991 e sono state fatte grandi cose, ma bisogna continuare cos\u00ec\u201d,<\/em> conclude.<\/p>\n<h3><strong>IL RICORDO DI LAGALLA<\/strong><\/h3>\n<p><em>\u201cNel 34\u00b0 anniversario dell\u2019omicidio di Libero Grassi, Palermo si ferma per ricordare un uomo coraggioso, un imprenditore onesto che ha avuto la forza di dire no al pizzo, sfidando apertamente la mafia in anni in cui farlo significava firmare una condanna a morte. La sua testimonianza \u00e8 un monito ancora attuale e necessario<\/em>\u201c. Cos\u00ec, in una nota, il sindaco di Palermo Roberto Lagalla. <em>\u201cOggi, accanto alla memoria, siamo chiamati alla responsabilit\u00e0<\/em> \u2013 prosegue \u2013<em>. L\u2019esortazione dei familiari di Libero Grassi ci invita a guardare con onest\u00e0 alla realt\u00e0: non bastano le celebrazioni, serve un impegno concreto per sottrarre spazio e consenso alla criminalit\u00e0, soprattutto nei quartieri pi\u00f9 fragili della nostra citt\u00e0. Dobbiamo offrire alternative vere: scuole, servizi, lavoro, cultura. \u00c8 l\u00ec che si gioca la battaglia pi\u00f9 profonda contro la mafia. A nome della citt\u00e0, rinnovo l\u2019impegno dell\u2019Amministrazione comunale nel contrasto alla cultura mafiosa, non solo con la repressione e la denuncia, ma anche e soprattutto con la costruzione di opportunit\u00e0. Onorare Libero Grassi significa agire ogni giorno affinch\u00e9 nessuno sia pi\u00f9 costretto a scegliere tra il silenzio e la morte\u201d,<\/em> conclude.<\/p>\n<p>\u2013 foto xd8\/Italpress \u2013<\/p>\n<p>(ITALPRESS)<\/p>\n<\/div>\n","protected":false},"excerpt":{"rendered":"<p>PALERMO (ITALPRESS) \u2013 La sua morte ha segnato l\u2019avvio di una nuova stagione di lotta alla mafia, colpendo al cuore quella societ\u00e0 civile che fino ad allora non era ancora riuscita a fare concretamente i conti con le estorsioni: il ricordo di Libero Grassi \u00e8 ancora vivo nel cuore e nella mente di Palermo, il [&hellip;]<\/p>\n","protected":false},"author":18,"featured_media":248896,"comment_status":"closed","ping_status":"closed","sticky":false,"template":"","format":"standard","meta":{"ub_ctt_via":"","_mi_skip_tracking":false},"categories":[2449],"tags":[783],"featured_image_src":"https:\/\/www.messinaoggi.it\/website\/wp-content\/uploads\/2025\/08\/Grassi.jpg","author_info":{"display_name":"Admin","author_link":"https:\/\/www.messinaoggi.it\/website\/author\/admin\/"},"digistream_id":0,"digistream":false,"_links":{"self":[{"href":"https:\/\/www.messinaoggi.it\/website\/wp-json\/wp\/v2\/posts\/248895"}],"collection":[{"href":"https:\/\/www.messinaoggi.it\/website\/wp-json\/wp\/v2\/posts"}],"about":[{"href":"https:\/\/www.messinaoggi.it\/website\/wp-json\/wp\/v2\/types\/post"}],"author":[{"embeddable":true,"href":"https:\/\/www.messinaoggi.it\/website\/wp-json\/wp\/v2\/users\/18"}],"replies":[{"embeddable":true,"href":"https:\/\/www.messinaoggi.it\/website\/wp-json\/wp\/v2\/comments?post=248895"}],"version-history":[{"count":0,"href":"https:\/\/www.messinaoggi.it\/website\/wp-json\/wp\/v2\/posts\/248895\/revisions"}],"wp:featuredmedia":[{"embeddable":true,"href":"https:\/\/www.messinaoggi.it\/website\/wp-json\/wp\/v2\/media\/248896"}],"wp:attachment":[{"href":"https:\/\/www.messinaoggi.it\/website\/wp-json\/wp\/v2\/media?parent=248895"}],"wp:term":[{"taxonomy":"category","embeddable":true,"href":"https:\/\/www.messinaoggi.it\/website\/wp-json\/wp\/v2\/categories?post=248895"},{"taxonomy":"post_tag","embeddable":true,"href":"https:\/\/www.messinaoggi.it\/website\/wp-json\/wp\/v2\/tags?post=248895"}],"curies":[{"name":"wp","href":"https:\/\/api.w.org\/{rel}","templated":true}]}}