{"id":248884,"date":"2025-08-29T11:33:51","date_gmt":"2025-08-29T09:33:51","guid":{"rendered":"http:\/\/www.messinaoggi.it\/website\/?p=248884"},"modified":"2025-08-29T11:33:52","modified_gmt":"2025-08-29T09:33:52","slug":"cottarelli-e-de-magistris-a-messina","status":"publish","type":"post","link":"https:\/\/www.messinaoggi.it\/website\/2025\/08\/29\/cottarelli-e-de-magistris-a-messina\/","title":{"rendered":"Cottarelli e De Magistris a Messina"},"content":{"rendered":"\n<p>Si avvia al termine la programmazione degli appuntamenti promossi dalla Fondazione Messina per la Cultura in collaborazione con il Comune di Messina e con la Citt\u00e0 Metropolitana di Messina nell\u2019ambito del <em>Festival delle Arti e del Pensiero<\/em>.<div id=\"div-gpt-ad-Messinaoggi.it-DSK-300x250-corpoart\" style=\"text-align:center;margin:0 auto;\"><\/div><\/p>\n\n\n\n<p><strong>Marted\u00ec 2 settembre,<\/strong> alle ore 21, al Monte di Piet\u00e0, Carlo Cottarelli presenter\u00e0 il suo ultimo libro <em>Senza giri di parole &#8211; <\/em>ed. Mondadori Strade Blu<em>.<\/em> L\u2019ingresso \u00e8 gratuito, ma esclusivamente su prenotazione e fino a esaurimento disponibilit\u00e0 al seguente link: <a href=\"https:\/\/www.eventbrite.it\/e\/biglietti-carlo-cottarelli-presentazione-del-libro-senza-giri-di-parole-1611298219349?aff=oddtdtcreator&amp;keep_tld=1&amp;utm_source=chatgpt.com\" target=\"_blank\" class=\"\" rel=\"noreferrer noopener\">Prenotazione evento Carlo Cottarelli<\/a><div id=\"videoincontent\" style=\"clear:both\";><\/div><\/p>\n\n\n\n<p>In un tempo di profonde incertezze e instabilit\u00e0, Cottarelli fa il punto con schiettezza e rigore su sette grandi sfide globali che stanno plasmando il nostro presente e determineranno il futuro sociale ed economico: dal riassetto del potere internazionale tra Cina e Stati Uniti e l\u2019ascesa delle nuove potenze globali, al ruolo delle multinazionali tecnologiche, dalle minacce del riscaldamento globale ai flussi migratori, dalle tensioni interne all\u2019Unione europea al calo demografico, fino alla situazione economica italiana. Carlo Cottarelli, economista, dirige l\u2019Osservatorio sui conti pubblici italiani dell\u2019Universit\u00e0 Cattolica del Sacro Cuore e insegna nella stessa Universit\u00e0. Laureato a Siena e con un master alla London School of Economics, ha lavorato alla Banca d\u2019Italia, all\u2019Eni, al Fondo Monetario Internazionale (di cui \u00e8 stato direttore del Dipartimento di Finanza Pubblica e direttore esecutivo nel Board) e come commissario straordinario per la revisione della spesa pubblica in Italia.<\/p>\n\n\n\n<p><strong>Gioved\u00ec 4 settembre<\/strong>, sempre alle ore 21 al Monte di Piet\u00e0, andr\u00e0 in scena <em>Noi e la Costituzione <\/em>di e con Luigi de Magistris, e con Andrea de Goyzueta e Serena Pisa, appuntamento conclusivo per il 2025 del <em>Festival delle Arti e del Pensiero.<\/em><\/p>\n\n\n\n<p>L\u2019ingresso \u00e8 sempre gratuito ma esclusivamente su prenotazione e fino ad esaurimento disponibilit\u00e0 al seguente link: fino a esaurimento disponibilit\u00e0 al seguente link: <a href=\"https:\/\/www.eventbrite.it\/e\/biglietti-luigi-de-magistris-noi-e-la-costituzione-1634026149199?aff=ebdssbdestsearch&amp;keep_tld=1&amp;utm_source=chatgpt.com\" target=\"_blank\" class=\"\" rel=\"noreferrer noopener\">Prenotazione evento Luigi de Magistris<\/a><\/p>\n\n\n\n<p>Lo spettacolo punta i riflettori su storie costituzionalmente orientate, partendo dall&#8217;attenta narrazione di quei sistemi di potere che impediscono la piena realizzazione democratica di un paese e che ne ostacolano l&#8217;attuazione costituzionale, per arrivare alla rievocazione di momenti di grande risveglio collettivo e partecipazione popolare. Dal suo appassionato racconto personale di pubblico ministero in Calabria prima e di sindaco di Napoli poi, Luigi de Magistris porta sul palcoscenico un pezzo di storia italiana fino ai giorni nostri, intervallato da letture e canzoni. Un racconto che diventa storia collettiva di impegno civile, un inno alla non rassegnazione e all&#8217;attuazione dal basso della Costituzione.<\/p>\n","protected":false},"excerpt":{"rendered":"<p>Si avvia al termine la programmazione degli appuntamenti promossi dalla Fondazione Messina per la Cultura in collaborazione con il Comune di Messina e con la Citt\u00e0 Metropolitana di Messina nell\u2019ambito del Festival delle Arti e del Pensiero. Marted\u00ec 2 settembre, alle ore 21, al Monte di Piet\u00e0, Carlo Cottarelli presenter\u00e0 il suo ultimo libro Senza [&hellip;]<\/p>\n","protected":false},"author":2,"featured_media":154085,"comment_status":"open","ping_status":"open","sticky":false,"template":"","format":"standard","meta":{"ub_ctt_via":"","_mi_skip_tracking":false},"categories":[5],"tags":[],"featured_image_src":"https:\/\/www.messinaoggi.it\/website\/wp-content\/uploads\/2023\/05\/20230507_2185.jpg","author_info":{"display_name":"Redazione","author_link":"https:\/\/www.messinaoggi.it\/website\/author\/redazione\/"},"digistream_id":0,"digistream":false,"_links":{"self":[{"href":"https:\/\/www.messinaoggi.it\/website\/wp-json\/wp\/v2\/posts\/248884"}],"collection":[{"href":"https:\/\/www.messinaoggi.it\/website\/wp-json\/wp\/v2\/posts"}],"about":[{"href":"https:\/\/www.messinaoggi.it\/website\/wp-json\/wp\/v2\/types\/post"}],"author":[{"embeddable":true,"href":"https:\/\/www.messinaoggi.it\/website\/wp-json\/wp\/v2\/users\/2"}],"replies":[{"embeddable":true,"href":"https:\/\/www.messinaoggi.it\/website\/wp-json\/wp\/v2\/comments?post=248884"}],"version-history":[{"count":1,"href":"https:\/\/www.messinaoggi.it\/website\/wp-json\/wp\/v2\/posts\/248884\/revisions"}],"predecessor-version":[{"id":248885,"href":"https:\/\/www.messinaoggi.it\/website\/wp-json\/wp\/v2\/posts\/248884\/revisions\/248885"}],"wp:featuredmedia":[{"embeddable":true,"href":"https:\/\/www.messinaoggi.it\/website\/wp-json\/wp\/v2\/media\/154085"}],"wp:attachment":[{"href":"https:\/\/www.messinaoggi.it\/website\/wp-json\/wp\/v2\/media?parent=248884"}],"wp:term":[{"taxonomy":"category","embeddable":true,"href":"https:\/\/www.messinaoggi.it\/website\/wp-json\/wp\/v2\/categories?post=248884"},{"taxonomy":"post_tag","embeddable":true,"href":"https:\/\/www.messinaoggi.it\/website\/wp-json\/wp\/v2\/tags?post=248884"}],"curies":[{"name":"wp","href":"https:\/\/api.w.org\/{rel}","templated":true}]}}