{"id":248873,"date":"2025-08-29T11:05:36","date_gmt":"2025-08-29T09:05:36","guid":{"rendered":"https:\/\/www.messinaoggi.it\/website\/2025\/08\/29\/kallas-putin-deride-gli-sforzi-per-la-pace-servono-sanzioni\/"},"modified":"2025-08-29T11:05:36","modified_gmt":"2025-08-29T09:05:36","slug":"kallas-putin-deride-gli-sforzi-per-la-pace-servono-sanzioni","status":"publish","type":"post","link":"https:\/\/www.messinaoggi.it\/website\/2025\/08\/29\/kallas-putin-deride-gli-sforzi-per-la-pace-servono-sanzioni\/","title":{"rendered":"Kallas \u201cPutin deride gli sforzi per la pace, servono sanzioni\u201d"},"content":{"rendered":"<div>COPENAGHEN (DANIMARCA) &#8211; &#8220;La Russia non vuole la pace, in questo momento \u00e8 molto chiaro: visti gli attacchi che stanno portando avanti, dobbiamo fare pressione su di loro, \u00e8 l&#8217;unica cosa che funziona&#8221;. Cos\u00ec l&#8217;Alta rappresentante Ue per la politica estera, Kaja Kallas, arrivando al Consiglio informale Difesa Gymnich a Copenaghen. &#8220;Tutti capiscono che, visto come Putin sta deridendo gli sforzi per pace, l&#8217;unica cosa che funziona \u00e8 la pressione&#8221;, sottolinea. &#8220;Stiamo lavorando al prossimo pacchetto&#8221; di sanzioni e &#8220;ci sono diverse opzioni sul tavolo: quella che li dannegger\u00e0 di pi\u00f9 sono le sanzioni sull&#8217;energia e le sanzioni secondarie che gli americani hanno proposto, ma li ostacoleranno anche i servizi finanziari e l&#8217;accesso ai capitali, di cui hanno cos\u00ec disperatamente bisogno&#8221;, spiega. &#8220;Ogni Stato membro sta decidendo come contribuire alle garanzie di sicurezza&#8221;, ma l&#8217;eventuale invio delle truppe &#8220;\u00e8 una decisione di ogni singolo Stato membro&#8221;, chiarisce. &#8220;Abbiamo gi\u00e0 sentito che alcuni Stati membri stanno inviando le loro truppe o sono pronti a farlo, mentre alcuni non sono pronti&#8221;. Sulla possibilit\u00e0 di inviare gli addestratori Ue, &#8220;queste discussioni sono in corso, c&#8217;\u00e8 la volont\u00e0 di fare l&#8217;addestramento quando ci sar\u00e0 il cessate il fuoco ma, se parliamo di cambiare il mandato&#8221; della missione europea per l&#8217;Ucraina sull&#8217;addestramento militare, &#8220;possiamo discutere di quanto gli Stati membri siano disposti a farlo prima che la tregua sia concordata&#8221;, conclude.<br \/>(ITALPRESS).<div id=\"div-gpt-ad-Messinaoggi.it-DSK-300x250-corpoart\" style=\"text-align:center;margin:0 auto;\"><\/div><\/p>\n<p>&#8211; foto: Ipa Agency &#8211;<div id=\"videoincontent\" style=\"clear:both\";><\/div><\/p><\/div>\n","protected":false},"excerpt":{"rendered":"<p>COPENAGHEN (DANIMARCA) &#8211; &#8220;La Russia non vuole la pace, in questo momento \u00e8 molto chiaro: visti gli attacchi che stanno portando avanti, dobbiamo fare pressione su di loro, \u00e8 l&#8217;unica cosa che funziona&#8221;. Cos\u00ec l&#8217;Alta rappresentante Ue per la politica estera, Kaja Kallas, arrivando al Consiglio informale Difesa Gymnich a Copenaghen. &#8220;Tutti capiscono che, visto [&hellip;]<\/p>\n","protected":false},"author":18,"featured_media":0,"comment_status":"closed","ping_status":"closed","sticky":false,"template":"","format":"standard","meta":{"ub_ctt_via":"","_mi_skip_tracking":false},"categories":[446],"tags":[783],"featured_image_src":null,"author_info":{"display_name":"Admin","author_link":"https:\/\/www.messinaoggi.it\/website\/author\/admin\/"},"digistream_id":0,"digistream":false,"_links":{"self":[{"href":"https:\/\/www.messinaoggi.it\/website\/wp-json\/wp\/v2\/posts\/248873"}],"collection":[{"href":"https:\/\/www.messinaoggi.it\/website\/wp-json\/wp\/v2\/posts"}],"about":[{"href":"https:\/\/www.messinaoggi.it\/website\/wp-json\/wp\/v2\/types\/post"}],"author":[{"embeddable":true,"href":"https:\/\/www.messinaoggi.it\/website\/wp-json\/wp\/v2\/users\/18"}],"replies":[{"embeddable":true,"href":"https:\/\/www.messinaoggi.it\/website\/wp-json\/wp\/v2\/comments?post=248873"}],"version-history":[{"count":0,"href":"https:\/\/www.messinaoggi.it\/website\/wp-json\/wp\/v2\/posts\/248873\/revisions"}],"wp:attachment":[{"href":"https:\/\/www.messinaoggi.it\/website\/wp-json\/wp\/v2\/media?parent=248873"}],"wp:term":[{"taxonomy":"category","embeddable":true,"href":"https:\/\/www.messinaoggi.it\/website\/wp-json\/wp\/v2\/categories?post=248873"},{"taxonomy":"post_tag","embeddable":true,"href":"https:\/\/www.messinaoggi.it\/website\/wp-json\/wp\/v2\/tags?post=248873"}],"curies":[{"name":"wp","href":"https:\/\/api.w.org\/{rel}","templated":true}]}}