{"id":248857,"date":"2025-08-29T00:05:34","date_gmt":"2025-08-28T22:05:34","guid":{"rendered":"https:\/\/www.messinaoggi.it\/website\/2025\/08\/28\/salvini-lite-con-macron-il-mio-era-invito-a-parlare-di-altro\/"},"modified":"2025-08-29T11:22:24","modified_gmt":"2025-08-29T09:22:24","slug":"salvini-lite-con-macron-il-mio-era-invito-a-parlare-di-altro","status":"publish","type":"post","link":"https:\/\/www.messinaoggi.it\/website\/2025\/08\/29\/salvini-lite-con-macron-il-mio-era-invito-a-parlare-di-altro\/","title":{"rendered":"Salvini \u201cLite con Macron? Il mio era invito a parlare di altro\u201d"},"content":{"rendered":"<div>ROMA (ITALPRESS) &#8211; &#8220;Quando c&#8217;\u00e8 di mezzo la guerra o la pace non c&#8217;\u00e8 titolarit\u00e0: se un leader europeo, nostro vicino di casa, per mesi continua a dire &#8216;siamo pronti a combatter\u00e8 io dico no&#8221;. Lo sottolinea il vicepremier e ministro dei Trasporti Matteo Salvini durante il convegno &#8216;La Piazza. Il bene comun\u00e8 a Ceglie Messapica. &#8220;Questo \u00e8 il tempo della diplomazia, tra sanzioni economiche e incontri tra leader politici &#8211; continua Salvini, &#8211; Qualcuno tra mille difficolt\u00e0 sta cercando di riannodare i fili della pace, mentre c&#8217;\u00e8 un vicino di casa che continua a parlare di ombrello nucleare, esercito europeo, riarmo e missili: il mio &#8216;si attacchi al tram&#8217; non era un insulto, ma un invito a lasciare stare e parlare di altro. Il governo italiano ha gi\u00e0 detto che non invier\u00e0 nessun ragazzo a morire in Ucraina, perch\u00e8 non siamo in guerra con la Russia: i problemi dell&#8217;Italia non arrivano da un&#8217;improbabile invasione dei carri armati sovietici ma dalle frontiere sud, dove gli scafisti cercano di riempirci di clandestini tra cui indesiderati estremisti islamici; i problemi delle periferie non sono i russi, ma i balordi di prima e seconda generazione che ne combinano di tutti i colori. Non ho n\u00e8 voglia n\u00e8 tempo di litigare con Macron, ma quando un leader europeo in difficolt\u00e0 nel suo paese, come testimonia il voto di fiducia che ci sar\u00e0 in Francia l&#8217;8 settembre, passa il tempo a convocare gli ambasciatori sbaglia&#8221;. <div id=\"div-gpt-ad-Messinaoggi.it-DSK-300x250-corpoart\" style=\"text-align:center;margin:0 auto;\"><\/div><\/p>\n<p>foto: IPA Agency<div id=\"videoincontent\" style=\"clear:both\";><\/div><\/p>\n<p>(ITALPRESS).<\/p><\/div>\n","protected":false},"excerpt":{"rendered":"<p>ROMA (ITALPRESS) &#8211; &#8220;Quando c&#8217;\u00e8 di mezzo la guerra o la pace non c&#8217;\u00e8 titolarit\u00e0: se un leader europeo, nostro vicino di casa, per mesi continua a dire &#8216;siamo pronti a combatter\u00e8 io dico no&#8221;. Lo sottolinea il vicepremier e ministro dei Trasporti Matteo Salvini durante il convegno &#8216;La Piazza. Il bene comun\u00e8 a Ceglie [&hellip;]<\/p>\n","protected":false},"author":18,"featured_media":248858,"comment_status":"closed","ping_status":"closed","sticky":false,"template":"","format":"standard","meta":{"ub_ctt_via":"","_mi_skip_tracking":false},"categories":[446,4],"tags":[783],"featured_image_src":"https:\/\/www.messinaoggi.it\/website\/wp-content\/uploads\/2025\/08\/20250828_2262.jpg","author_info":{"display_name":"Admin","author_link":"https:\/\/www.messinaoggi.it\/website\/author\/admin\/"},"digistream_id":0,"digistream":false,"_links":{"self":[{"href":"https:\/\/www.messinaoggi.it\/website\/wp-json\/wp\/v2\/posts\/248857"}],"collection":[{"href":"https:\/\/www.messinaoggi.it\/website\/wp-json\/wp\/v2\/posts"}],"about":[{"href":"https:\/\/www.messinaoggi.it\/website\/wp-json\/wp\/v2\/types\/post"}],"author":[{"embeddable":true,"href":"https:\/\/www.messinaoggi.it\/website\/wp-json\/wp\/v2\/users\/18"}],"replies":[{"embeddable":true,"href":"https:\/\/www.messinaoggi.it\/website\/wp-json\/wp\/v2\/comments?post=248857"}],"version-history":[{"count":1,"href":"https:\/\/www.messinaoggi.it\/website\/wp-json\/wp\/v2\/posts\/248857\/revisions"}],"predecessor-version":[{"id":248877,"href":"https:\/\/www.messinaoggi.it\/website\/wp-json\/wp\/v2\/posts\/248857\/revisions\/248877"}],"wp:featuredmedia":[{"embeddable":true,"href":"https:\/\/www.messinaoggi.it\/website\/wp-json\/wp\/v2\/media\/248858"}],"wp:attachment":[{"href":"https:\/\/www.messinaoggi.it\/website\/wp-json\/wp\/v2\/media?parent=248857"}],"wp:term":[{"taxonomy":"category","embeddable":true,"href":"https:\/\/www.messinaoggi.it\/website\/wp-json\/wp\/v2\/categories?post=248857"},{"taxonomy":"post_tag","embeddable":true,"href":"https:\/\/www.messinaoggi.it\/website\/wp-json\/wp\/v2\/tags?post=248857"}],"curies":[{"name":"wp","href":"https:\/\/api.w.org\/{rel}","templated":true}]}}