{"id":248847,"date":"2025-08-29T00:05:30","date_gmt":"2025-08-28T22:05:30","guid":{"rendered":"https:\/\/www.messinaoggi.it\/website\/2025\/08\/28\/tajani-ok-alla-riforma-del-ministero-degli-esteri-sara-a-costo-zero\/"},"modified":"2025-08-29T11:32:21","modified_gmt":"2025-08-29T09:32:21","slug":"tajani-ok-alla-riforma-del-ministero-degli-esteri-sara-a-costo-zero","status":"publish","type":"post","link":"https:\/\/www.messinaoggi.it\/website\/2025\/08\/29\/tajani-ok-alla-riforma-del-ministero-degli-esteri-sara-a-costo-zero\/","title":{"rendered":"Tajani \u201cOk alla riforma del ministero degli Esteri, sar\u00e0 a costo zero\u201d"},"content":{"rendered":"<div>ROMA (ITALPRESS) &#8211;<em> &#8220;Il Consiglio dei ministri ha appena approvato la riforma del ministero degli Esteri, al termine di un iter lungo: la Farnesina prima di questo governo aveva la competenza del commercio internazionale, di fronte a questo cambiamento e a quanto sta accadendo nel mondo serviva una riorganizzazione del ministero in modo da non lasciare nessuna impresa italiana da sola senza il sostegno dello Stato&#8221;. <\/em><div id=\"div-gpt-ad-Messinaoggi.it-DSK-300x250-corpoart\" style=\"text-align:center;margin:0 auto;\"><\/div><\/p>\n<p>Cos\u00ec il vicepremier e ministro degli Esteri <strong>Antonio Tajani<\/strong> in conferenza stampa a Palazzo Chigi. <em>&#8220;Abbiamo deciso di cambiare il ministero degli Esteri che avr\u00e0 una funzione bicapite, con una testa politica e una economica. Ci saranno il ministro, il segretario generale, il segretario generale aggiunto, con il coordinamento di tutti gli aspetti politici, e un secondo segretario generale aggiunto che si occuper\u00e0 di tutta la parte economica. Ci sar\u00e0 inoltre una direzione generale della crescita, che sar\u00e0 un punto di riferimento per tutte le imprese e sar\u00e0 divisa in pi\u00f9 settori, e un&#8217;altra che si occuper\u00e0 della sicurezza cibernetica e dell&#8217;intelligenza artificiale; l&#8217;obiettivo \u00e8 garantire una maggiore difesa delle informazioni sensibili che ci sono nel nostro ministero. In pi\u00f9 abbiamo deciso di istituire un&#8217;unit\u00e0 della semplificazione amministrativa interna, per permettere al ministero di ridurre i passaggi burocratici e rendere i servizi pi\u00f9 efficienti&#8221;<\/em>, continua <strong>Tajani<\/strong>.<div id=\"videoincontent\" style=\"clear:both\";><\/div><\/p>\n<p><em> &#8220;I punti principali della riforma sono crescita ed export, sicurezza cibernetica, servizi a cittadini e imprese e semplificazione: faremo di tutto per offrire ai cittadini servizi sempre pi\u00f9 efficaci e puntuali, mentre l&#8217;unit\u00e0 sulla semplificazione presenter\u00e0 nuove proposte per snellire i processi che riguardano sia i servizi per le imprese che quelli consolari; avremo una nuova direzione generale per i servizi destinati ai cittadini all&#8217;estero e per le politiche migratorie, al fine di rafforzare l&#8217;efficienza e l&#8217;operativit\u00e0 nell&#8217;erogazione dei servizi per gli italiani nel mondo&#8221;.<\/em><\/p>\n<p>Tutta la riforma, sottolinea <strong>Tajani<\/strong>, <em>&#8220;sar\u00e0 a costo zero: inaugureremo presto anche una sala cyber, a testimonianza del nostro impegno su questi temi; dobbiamo essere in grado di reagire il prima possibile per garantire una rete di protezione a tutto il nostro sistema&#8221;.<\/em><\/p>\n<p><em>&#8220;Per ampliare la cantera dei diplomatici abbiamo deciso di aprire il concorso a tutti i corsi di laurea e non solo a Giurisprudenza, Economia e Scienze politiche: stiamo lavorando anche per far s\u00ec che ci siano pi\u00f9 specializzazioni all&#8217;interno della carriera diplomatica, vogliamo far crescere la qualit\u00e0 del settore con persone qualificate provenienti da diversi percorsi di studio&#8221;.<\/em><\/p>\n<p>Nel 2025 <em>&#8220;abbiamo assunto quasi mille funzionari e assistenti con competenze informatiche in campo commerciale. A livello di nomine abbiamo nominato l&#8217;ambasciatore italiano in Russia Piccioni come segretario generale aggiunto della Farnesina e l&#8217;ambasciatore italiano in Turchia Marapodi come rappresentante presso l&#8217;Onu; il nuovo ambasciatore russo sar\u00e0 invece Beltrami, che prima era in Austria e attualmente \u00e8 consigliere diplomatico di Giorgetti&#8221;<\/em>, ha concluso <strong>Tajani<\/strong>.<\/p>\n<p>&#8211; Foto IPA Agency &#8211;<\/p>\n<p>(ITALPRESS)<\/p><\/div>\n","protected":false},"excerpt":{"rendered":"<p>ROMA (ITALPRESS) &#8211; &#8220;Il Consiglio dei ministri ha appena approvato la riforma del ministero degli Esteri, al termine di un iter lungo: la Farnesina prima di questo governo aveva la competenza del commercio internazionale, di fronte a questo cambiamento e a quanto sta accadendo nel mondo serviva una riorganizzazione del ministero in modo da non [&hellip;]<\/p>\n","protected":false},"author":18,"featured_media":248848,"comment_status":"closed","ping_status":"closed","sticky":false,"template":"","format":"standard","meta":{"ub_ctt_via":"","_mi_skip_tracking":false},"categories":[446,4],"tags":[783],"featured_image_src":"https:\/\/www.messinaoggi.it\/website\/wp-content\/uploads\/2025\/08\/20250828_1747.jpg","author_info":{"display_name":"Admin","author_link":"https:\/\/www.messinaoggi.it\/website\/author\/admin\/"},"digistream_id":0,"digistream":false,"_links":{"self":[{"href":"https:\/\/www.messinaoggi.it\/website\/wp-json\/wp\/v2\/posts\/248847"}],"collection":[{"href":"https:\/\/www.messinaoggi.it\/website\/wp-json\/wp\/v2\/posts"}],"about":[{"href":"https:\/\/www.messinaoggi.it\/website\/wp-json\/wp\/v2\/types\/post"}],"author":[{"embeddable":true,"href":"https:\/\/www.messinaoggi.it\/website\/wp-json\/wp\/v2\/users\/18"}],"replies":[{"embeddable":true,"href":"https:\/\/www.messinaoggi.it\/website\/wp-json\/wp\/v2\/comments?post=248847"}],"version-history":[{"count":1,"href":"https:\/\/www.messinaoggi.it\/website\/wp-json\/wp\/v2\/posts\/248847\/revisions"}],"predecessor-version":[{"id":248882,"href":"https:\/\/www.messinaoggi.it\/website\/wp-json\/wp\/v2\/posts\/248847\/revisions\/248882"}],"wp:featuredmedia":[{"embeddable":true,"href":"https:\/\/www.messinaoggi.it\/website\/wp-json\/wp\/v2\/media\/248848"}],"wp:attachment":[{"href":"https:\/\/www.messinaoggi.it\/website\/wp-json\/wp\/v2\/media?parent=248847"}],"wp:term":[{"taxonomy":"category","embeddable":true,"href":"https:\/\/www.messinaoggi.it\/website\/wp-json\/wp\/v2\/categories?post=248847"},{"taxonomy":"post_tag","embeddable":true,"href":"https:\/\/www.messinaoggi.it\/website\/wp-json\/wp\/v2\/tags?post=248847"}],"curies":[{"name":"wp","href":"https:\/\/api.w.org\/{rel}","templated":true}]}}