{"id":248837,"date":"2025-08-29T00:39:59","date_gmt":"2025-08-28T22:39:59","guid":{"rendered":"https:\/\/www.messinaoggi.it\/website\/2025\/08\/28\/schifani-incontra-il-presidente-di-aica-allo-studio-una-soluzione-tecnico-finanziaria-percorribile\/"},"modified":"2025-08-29T11:32:37","modified_gmt":"2025-08-29T09:32:37","slug":"schifani-incontra-il-presidente-di-aica-allo-studio-una-soluzione-tecnico-finanziaria-percorribile","status":"publish","type":"post","link":"https:\/\/www.messinaoggi.it\/website\/2025\/08\/29\/schifani-incontra-il-presidente-di-aica-allo-studio-una-soluzione-tecnico-finanziaria-percorribile\/","title":{"rendered":"Schifani incontra il presidente di Aica: \u201cAllo studio una soluzione tecnico-finanziaria percorribile\u201d"},"content":{"rendered":"<div>\n<p>PALERMO (ITALPRESS) \u2013 <strong>Incontro questa mattina a Palazzo d\u2019Orl\u00e9ans, a Palermo, tra il presidente della Regione Siciliana Renato Schifani<\/strong> e il presidente del <strong>consiglio di amministrazione di Aica, l\u2019Azienda idrica dei Comuni agrigentini, Danila Nobile.<\/strong><div id=\"div-gpt-ad-Messinaoggi.it-DSK-300x250-corpoart\" style=\"text-align:center;margin:0 auto;\"><\/div><\/p>\n<p><em>\u201cHo accolto subito la richiesta di confronto che Nobile ci ha fatto pervenire<\/em> \u2013 dice Schifani \u2013 <em>perch\u00e9 siamo consapevoli del momento di difficolt\u00e0 e perch\u00e9 c\u2019\u00e8 la volont\u00e0 della Regione di supportare il territorio di Agrigento. I miei uffici stanno studiando una soluzione tecnico-finanziaria che sia percorribile e sostenibile e che vada incontro sia ai sindaci sia all\u2019azienda. Il livello di attenzione del mio governo per la questione idrica ad Agrigento \u00e8 sempre alto, come dimostrano, tra le altre cose, l\u2019intervento di anticipazione di dieci milioni di euro che abbiamo stanziato per avviare i lavori di rifacimento della rete del capoluogo e la messa in funzione del dissalatore di Porto Empedocle\u201d<\/em>.<div id=\"videoincontent\" style=\"clear:both\";><\/div><\/p>\n<p>All\u2019incontro erano presenti anche il capo di gabinetto della Presidenza della Regione Salvatore Sammartano, il ragioniere generale della Regione Ignazio Tozzo e il coordinatore della Cabina di regia per l\u2019emergenza idrica in Sicilia e capo della Protezione civile regionale Salvo Cocina.<\/p>\n<p>-Foto Regione Siciliana-<br \/>\n(ITALPRESS).<\/p>\n<\/div>\n","protected":false},"excerpt":{"rendered":"<p>PALERMO (ITALPRESS) \u2013 Incontro questa mattina a Palazzo d\u2019Orl\u00e9ans, a Palermo, tra il presidente della Regione Siciliana Renato Schifani e il presidente del consiglio di amministrazione di Aica, l\u2019Azienda idrica dei Comuni agrigentini, Danila Nobile. \u201cHo accolto subito la richiesta di confronto che Nobile ci ha fatto pervenire \u2013 dice Schifani \u2013 perch\u00e9 siamo consapevoli [&hellip;]<\/p>\n","protected":false},"author":18,"featured_media":248838,"comment_status":"closed","ping_status":"closed","sticky":false,"template":"","format":"standard","meta":{"ub_ctt_via":"","_mi_skip_tracking":false},"categories":[11,2449],"tags":[783],"featured_image_src":"https:\/\/www.messinaoggi.it\/website\/wp-content\/uploads\/2025\/08\/WhatsApp-Image-2025-08-28-at-14.29.32.jpeg","author_info":{"display_name":"Admin","author_link":"https:\/\/www.messinaoggi.it\/website\/author\/admin\/"},"digistream_id":0,"digistream":false,"_links":{"self":[{"href":"https:\/\/www.messinaoggi.it\/website\/wp-json\/wp\/v2\/posts\/248837"}],"collection":[{"href":"https:\/\/www.messinaoggi.it\/website\/wp-json\/wp\/v2\/posts"}],"about":[{"href":"https:\/\/www.messinaoggi.it\/website\/wp-json\/wp\/v2\/types\/post"}],"author":[{"embeddable":true,"href":"https:\/\/www.messinaoggi.it\/website\/wp-json\/wp\/v2\/users\/18"}],"replies":[{"embeddable":true,"href":"https:\/\/www.messinaoggi.it\/website\/wp-json\/wp\/v2\/comments?post=248837"}],"version-history":[{"count":1,"href":"https:\/\/www.messinaoggi.it\/website\/wp-json\/wp\/v2\/posts\/248837\/revisions"}],"predecessor-version":[{"id":248883,"href":"https:\/\/www.messinaoggi.it\/website\/wp-json\/wp\/v2\/posts\/248837\/revisions\/248883"}],"wp:featuredmedia":[{"embeddable":true,"href":"https:\/\/www.messinaoggi.it\/website\/wp-json\/wp\/v2\/media\/248838"}],"wp:attachment":[{"href":"https:\/\/www.messinaoggi.it\/website\/wp-json\/wp\/v2\/media?parent=248837"}],"wp:term":[{"taxonomy":"category","embeddable":true,"href":"https:\/\/www.messinaoggi.it\/website\/wp-json\/wp\/v2\/categories?post=248837"},{"taxonomy":"post_tag","embeddable":true,"href":"https:\/\/www.messinaoggi.it\/website\/wp-json\/wp\/v2\/tags?post=248837"}],"curies":[{"name":"wp","href":"https:\/\/api.w.org\/{rel}","templated":true}]}}