{"id":248835,"date":"2025-08-28T16:05:30","date_gmt":"2025-08-28T14:05:30","guid":{"rendered":"https:\/\/www.messinaoggi.it\/website\/2025\/08\/28\/allegri-ce-voglia-di-riscatto-mercato-ci-pensa-la-societa\/"},"modified":"2025-08-28T16:05:30","modified_gmt":"2025-08-28T14:05:30","slug":"allegri-ce-voglia-di-riscatto-mercato-ci-pensa-la-societa","status":"publish","type":"post","link":"https:\/\/www.messinaoggi.it\/website\/2025\/08\/28\/allegri-ce-voglia-di-riscatto-mercato-ci-pensa-la-societa\/","title":{"rendered":"Allegri \u201cC\u2019\u00e8 voglia di riscatto. Mercato? Ci pensa la societ\u00e0\u201d"},"content":{"rendered":"<div>CARNAGO (VARESE) (ITALPRESS) &#8211; &#8220;<em>La voglia di riscatto c&#8217;\u00e8, con la Cremonese \u00e8 stata una sconfitta inaspettata. Con un p\u00f2 pi\u00f9 di attenzione sugli episodi dei gol subiti potevamo portare a casa una partita in cui abbiamo avuto diverse occasioni. E&#8217; andata cos\u00ec e domani abbiamo la possibilit\u00e0 di rifarci. Il Lecce gioca un calcio veloce, \u00e8 una squadra organizzata e l\u00ec non \u00e8 mai facile&#8221;.<\/em> M<strong>assimiliano Allegri, in conferenza stampa alla vigilia della trasferta rossonera al Via del Mare, riparte dal ko all&#8217;esordio in campionato<\/strong>.<div id=\"div-gpt-ad-Messinaoggi.it-DSK-300x250-corpoart\" style=\"text-align:center;margin:0 auto;\"><\/div><\/p>\n<p>Il Milan \u00e8 chiamato subito a una reazione anche se domani non ci sar\u00e0<strong> Jashari, che si \u00e8 fatto male stamane in allenamento, e in avanti potr\u00e0 contare solo su Gimenez,<\/strong> unica alternativa visto che Leao non ha recuperato.<em> &#8220;In qualche modo faremo, l&#8217;importante \u00e8 approcciare la partita nel modo giusto, con rispetto. Loro hanno grande entusiasmo, giocatori veloci, se si corre quanto gli altri poi le qualit\u00e0 tecniche vengono fuori&#8221;,<\/em> continua il tecnico rossonero, che sgonfia sul nascere il caso<strong> Jimenez:<\/strong> &#8220;<em>I ritardi li fanno tutti, \u00e8 un buon giocatore, non \u00e8 successo niente&#8221;.<\/em><div id=\"videoincontent\" style=\"clear:both\";><\/div><\/p>\n<p>Ma pi\u00f9 del campo in questo momento \u00e8 il mercato a tenere banco. La ricerca del centravanti sembra essere arrivata all&#8217;ultimo capitolo: in arrivo dal Chelsea c&#8217;\u00e8<strong> Nkunku.<\/strong> Precisato che <strong>&#8220;<em>non ho mai chiesto Vlahovic, che \u00e8 un giocatore della Juventus&#8221;,<\/em><\/strong> Allegri si limita a spiegare che <em>&#8220;con la societ\u00e0 ho parlato di caratteristiche dei giocatori e delle situazioni che si possono creare con giocatori dalle caratteristiche diverse. In qualche modo faremo. Al mercato ci pensa la societ\u00e0 che sta lavorando per mettere dentro quei giocatori che serviranno per far s\u00ec che la squadra cresca, cercando di arrivare a marzo nelle migliori condizioni e in una buona posizione di classifica. Sono contento dei ragazzi che ho a disposizione&#8221;.<\/em><\/p>\n<p>Il tecnico, che glissa anche su <strong>Rabiot<\/strong> (&#8220;<em>E&#8217; un giocatore del Marsiglia, gli sono affezionato ma non ci sentiamo da prima delle vacanze<\/em>&#8220;), nega qualsiasi divergenza col club. &#8220;<em>Sono abituato a stare con la societ\u00e0 e allenare i giocatori che ho, e i giocatori che ho a disposizione per me sono i pi\u00f9 bravi e bisogna arrivare ai risultati, con le buone o con le cattive. Con la societ\u00e0 ci parliamo, con <strong>Tare, Furlani, Ibrahimovic.<\/strong> E&#8217; la societ\u00e0 che fa il mercato, io penso a lavorare. Abbiamo sei mesi da qui a marzo per essere in una buona posizione di classifica. L&#8217;input \u00e8 coniugare la parte economica con quella sportiva perch\u00e8 il Milan sia una societ\u00e0 sostenibile. Bisogna avere pazienza e fiducia nel mercato che far\u00e0 la societ\u00e0, io indico le caratteristiche e poi sar\u00e0 la societ\u00e0 a fare il mercato&#8221;.<\/em><br \/>\n&#8211; foto Ipa Agency &#8211;<br \/>\n(ITALPRESS).<\/div>\n","protected":false},"excerpt":{"rendered":"<p>CARNAGO (VARESE) (ITALPRESS) &#8211; &#8220;La voglia di riscatto c&#8217;\u00e8, con la Cremonese \u00e8 stata una sconfitta inaspettata. Con un p\u00f2 pi\u00f9 di attenzione sugli episodi dei gol subiti potevamo portare a casa una partita in cui abbiamo avuto diverse occasioni. E&#8217; andata cos\u00ec e domani abbiamo la possibilit\u00e0 di rifarci. Il Lecce gioca un calcio [&hellip;]<\/p>\n","protected":false},"author":18,"featured_media":248836,"comment_status":"closed","ping_status":"closed","sticky":false,"template":"","format":"standard","meta":{"ub_ctt_via":"","_mi_skip_tracking":false},"categories":[446],"tags":[783],"featured_image_src":"https:\/\/www.messinaoggi.it\/website\/wp-content\/uploads\/2025\/08\/20250828_0831.jpg","author_info":{"display_name":"Admin","author_link":"https:\/\/www.messinaoggi.it\/website\/author\/admin\/"},"digistream_id":0,"digistream":false,"_links":{"self":[{"href":"https:\/\/www.messinaoggi.it\/website\/wp-json\/wp\/v2\/posts\/248835"}],"collection":[{"href":"https:\/\/www.messinaoggi.it\/website\/wp-json\/wp\/v2\/posts"}],"about":[{"href":"https:\/\/www.messinaoggi.it\/website\/wp-json\/wp\/v2\/types\/post"}],"author":[{"embeddable":true,"href":"https:\/\/www.messinaoggi.it\/website\/wp-json\/wp\/v2\/users\/18"}],"replies":[{"embeddable":true,"href":"https:\/\/www.messinaoggi.it\/website\/wp-json\/wp\/v2\/comments?post=248835"}],"version-history":[{"count":0,"href":"https:\/\/www.messinaoggi.it\/website\/wp-json\/wp\/v2\/posts\/248835\/revisions"}],"wp:featuredmedia":[{"embeddable":true,"href":"https:\/\/www.messinaoggi.it\/website\/wp-json\/wp\/v2\/media\/248836"}],"wp:attachment":[{"href":"https:\/\/www.messinaoggi.it\/website\/wp-json\/wp\/v2\/media?parent=248835"}],"wp:term":[{"taxonomy":"category","embeddable":true,"href":"https:\/\/www.messinaoggi.it\/website\/wp-json\/wp\/v2\/categories?post=248835"},{"taxonomy":"post_tag","embeddable":true,"href":"https:\/\/www.messinaoggi.it\/website\/wp-json\/wp\/v2\/tags?post=248835"}],"curies":[{"name":"wp","href":"https:\/\/api.w.org\/{rel}","templated":true}]}}