{"id":24878,"date":"2018-09-30T08:00:25","date_gmt":"2018-09-30T06:00:25","guid":{"rendered":"http:\/\/www.messinaoggi.it\/website\/?p=24878"},"modified":"2018-09-30T08:00:25","modified_gmt":"2018-09-30T06:00:25","slug":"meta-dei-messinesi-e-a-rischio-di-poverta-caritas-non-e-stato-fatto-abbastanza-per-aiutarci","status":"publish","type":"post","link":"https:\/\/www.messinaoggi.it\/website\/2018\/09\/30\/meta-dei-messinesi-e-a-rischio-di-poverta-caritas-non-e-stato-fatto-abbastanza-per-aiutarci\/","title":{"rendered":"Met\u00e0 dei messinesi \u00e8 a rischio di povert\u00e0. Caritas: &#039;Non \u00e8 stato fatto abbastanza per aiutarci&#039;"},"content":{"rendered":"<p align=\"JUSTIFY\"><span style=\"font-family: Arial, sans-serif\"><span style=\"font-size: medium\">Sono trascorsi ben dieci anni dallo scoppio della devastante crisi economico-finanziaria e, nonostante la tempesta sia ormai passata da un pezzo, l&#8217;economia italiana stenta ancora a riprendersi. Come prevedibile, la situazione peggiora al Sud della penisola, e in particolare in Sicilia Messina si attesta tra le citt\u00e0 metropolitane che pi\u00f9\u00a0<\/span><\/span><span style=\"font-family: Arial, sans-serif\"><span style=\"font-size: medium\">ha sofferto la crisi rispetto anche alle altre province dell&#8217;Isola. <\/span><\/span><div id=\"div-gpt-ad-Messinaoggi.it-DSK-300x250-corpoart\" style=\"text-align:center;margin:0 auto;\"><\/div><\/p>\n<p align=\"JUSTIFY\"><span style=\"font-family: Arial, sans-serif\"><span style=\"font-size: medium\">Emblematici i dati messi a disposizione dalla Caritas, che in estrema sintesi ci restituisce un quadro a dir poco desolante: negli ultimi sette anni la popolazione \u00e8 stata in costante calo (Messina conta ad oggi 10 mila abitanti in meno), numerosi sono i posti di lavoro persi (quasi 25 mila) e, conseguentemente, quasi met\u00e0 della popolazione \u00e8 oggi a rischio di povert\u00e0 (il 46% del totale).<\/span><\/span><div id=\"videoincontent\" style=\"clear:both\";><\/div><\/p>\n<p align=\"JUSTIFY\"><span style=\"font-family: Arial, sans-serif\"><span style=\"font-size: medium\">Da ci\u00f2 ben si intuisce quanto sia divenuto sempre pi\u00f9 rilevante nell&#8217;ultimo decennio il ruolo della Caritas di Messina, che spesso si ritrovata a dover colmare un grande vuoto lasciato dalle istituzioni nel garantire un&#8217;assistenza minima a chi non ce l&#8217;ha fatta a riprendersi dopo il ciclone della crisi:\u00a0<\/span><\/span>\u201c<span style=\"font-family: Arial, sans-serif\"><span style=\"font-size: medium\"><em>Registriamo la continua distanza delle istituzioni che in questo contesto non hanno compreso l\u2019importanza del lavoro dei volontari.<\/em> &#8211;\u00a0spiega <b>Flavia Ilacqua<\/b>, una delle promotrici del Forum delle Donne Messinesi e volontaria della Mensa di Sant\u2019Antonio &#8211;<em>\u00a0Un grande esempio di solidariet\u00e0 e di aiuto a numerose famiglie che versano anche in povert\u00e0 assoluta. Inizialmente la mensa forniva pasti per 40-60 persone, attualmente garantisce 300 pasti a sera, \u00e8 aperta tutti i giorni, i volontari sono organizzati in turni e assiste 50 famiglie i cui componenti sono totalmente disoccupati, non godono di alcuna misura di assistenza e che oltre alla cena ricevono aiuto anche per pagare qualche bolletta<\/em>\u201d. Il 10% dei frequentatori della mensa usufruisce di una pensione di invalidit\u00e0 di 290 euro mensili, un altro 10% gode di una pensione che va dai 500 agli 800 euro, mentre c\u2019\u00e8 un 20% di donne che ha il marito agli arresti domiciliari. <\/span><\/span><\/p>\n<p align=\"JUSTIFY\">\u201c<span style=\"font-family: Arial, sans-serif\"><span style=\"font-size: medium\"><em>Se non ci fossero i volontari a occuparsi di queste persone ferite e umiliate dalla vita<\/em> &#8211; continua Flavia Ilacqua &#8211;<em> in questa citt\u00e0 la situazione potrebbe esplodere in modo drammatico. Purtroppo le istituzioni cittadine non hanno fatto molto per la mensa di Sant\u2019Antonio e anche l\u2019amministrazione Accorinti \u00e8 stata piuttosto assente. Vista l\u2019importanza di questa iniziativa, speriamo in un comportamento opposto da parte della nuova Giunta<\/em>\u201d. <\/span><\/span><\/p>\n<p align=\"JUSTIFY\"><span style=\"font-family: Arial, sans-serif\"><span style=\"font-size: medium\">\u00a0<\/span><\/span><\/p>\n","protected":false},"excerpt":{"rendered":"<p>Sono trascorsi ben dieci anni dallo scoppio della devastante crisi economico-finanziaria e, nonostante la tempesta sia ormai passata da un pezzo, l&#8217;economia italiana stenta ancora a riprendersi. Come prevedibile, la situazione peggiora al Sud della penisola, e in particolare in Sicilia Messina si attesta tra le citt\u00e0 metropolitane che pi\u00f9\u00a0ha sofferto la crisi rispetto anche [&hellip;]<\/p>\n","protected":false},"author":8,"featured_media":24879,"comment_status":"closed","ping_status":"open","sticky":false,"template":"","format":"standard","meta":{"ub_ctt_via":"","_mi_skip_tracking":false},"categories":[5],"tags":[],"featured_image_src":"https:\/\/www.messinaoggi.it\/website\/wp-content\/uploads\/2018\/09\/mensa-poveri.jpg","author_info":{"display_name":"red..me","author_link":"https:\/\/www.messinaoggi.it\/website\/author\/redstage\/"},"digistream_id":0,"digistream":false,"_links":{"self":[{"href":"https:\/\/www.messinaoggi.it\/website\/wp-json\/wp\/v2\/posts\/24878"}],"collection":[{"href":"https:\/\/www.messinaoggi.it\/website\/wp-json\/wp\/v2\/posts"}],"about":[{"href":"https:\/\/www.messinaoggi.it\/website\/wp-json\/wp\/v2\/types\/post"}],"author":[{"embeddable":true,"href":"https:\/\/www.messinaoggi.it\/website\/wp-json\/wp\/v2\/users\/8"}],"replies":[{"embeddable":true,"href":"https:\/\/www.messinaoggi.it\/website\/wp-json\/wp\/v2\/comments?post=24878"}],"version-history":[{"count":0,"href":"https:\/\/www.messinaoggi.it\/website\/wp-json\/wp\/v2\/posts\/24878\/revisions"}],"wp:featuredmedia":[{"embeddable":true,"href":"https:\/\/www.messinaoggi.it\/website\/wp-json\/wp\/v2\/media\/24879"}],"wp:attachment":[{"href":"https:\/\/www.messinaoggi.it\/website\/wp-json\/wp\/v2\/media?parent=24878"}],"wp:term":[{"taxonomy":"category","embeddable":true,"href":"https:\/\/www.messinaoggi.it\/website\/wp-json\/wp\/v2\/categories?post=24878"},{"taxonomy":"post_tag","embeddable":true,"href":"https:\/\/www.messinaoggi.it\/website\/wp-json\/wp\/v2\/tags?post=24878"}],"curies":[{"name":"wp","href":"https:\/\/api.w.org\/{rel}","templated":true}]}}