{"id":248779,"date":"2025-08-28T11:30:34","date_gmt":"2025-08-28T09:30:34","guid":{"rendered":"https:\/\/www.messinaoggi.it\/website\/2025\/08\/28\/nella-notte-vasto-incendio-a-pantelleria-lambite-diverse-abitazioni\/"},"modified":"2025-08-28T11:30:34","modified_gmt":"2025-08-28T09:30:34","slug":"nella-notte-vasto-incendio-a-pantelleria-lambite-diverse-abitazioni","status":"publish","type":"post","link":"https:\/\/www.messinaoggi.it\/website\/2025\/08\/28\/nella-notte-vasto-incendio-a-pantelleria-lambite-diverse-abitazioni\/","title":{"rendered":"Nella notte vasto incendio a Pantelleria, lambite diverse abitazioni"},"content":{"rendered":"<div>\n<p>PANTELLERIA (TRAPANI) (ITALPRESS) \u2013<strong> Un incendio \u00e8 divampato ieri notte a Pantelleria (Trapani)<\/strong> dove, intorno a mezzanotte, un rogo alimentato dal forte vento e dalle alte temperature, <strong>si stava espandendo sempre di pi\u00f9 nella zona nord dell\u2019isola, tra San Marco e San Nicola.<\/strong> Le fiamme sono avanzate velocemente tra campi incolti e macchia mediterranea, procedendo verso la zona urbana e lambendo diverse abitazioni e, per motivi di sicurezza, alcune sono state evacuate.<div id=\"div-gpt-ad-Messinaoggi.it-DSK-300x250-corpoart\" style=\"text-align:center;margin:0 auto;\"><\/div><\/p>\n<p>A causa del buio, le operazioni di spegnimento sono state condotte solo a terra ma, grazie al tempestivo intervento dei vigili del fuoco, carabinieri forestali, e operatori del corpo forestale regionale il rogo \u00e8 stato domato nel giro di un\u2019ora, evitando danni maggiori.<div id=\"videoincontent\" style=\"clear:both\";><\/div><\/p>\n<p><em>\u201cC\u2019\u00e8 stato molta preoccupazione, le fiamme erano molto alte<\/em> \u2013 spiega all\u2019Italpress <strong>Carmine Vitale il direttore facente funzione dell\u2019Ente Parco Nazionale Isola di Pantelleria<\/strong> -. <em>Fortunatamente la direzione del vento era diametralmente opposta alle colline che sono densamente vegetate, ma il fronte del fuoco \u00e8 avanzato velocemente verso la zona urbana minacciando le abitazioni\u201d.\u00a0<\/em><\/p>\n<p><em>\u201cL\u2019area archeologica non \u00e8 stata toccata, la zona interessata dalle fiamme \u00e8 stata abbastanza estesa, ma la macchina dei soccorsi \u00e8 stata veloce ed efficace<\/em> \u2013 sottolinea -. <em>Una stima dei danni al momento non \u00e8 possibile, stiamo raccogliendo le informazioni da chi era sul campo\u201d<\/em>. Difficile ipotizzare le cause: <em>\u201cL\u2019origine potrebbe essere anche accidentale, magari una cicca di sigaretta oppure qualcuno ha cercato di pulire le sterpaglie, ma potrebbe trattarsi anche di una matrice dolosa: impossibile stabilirlo adesso, sicuramente le indagini che faranno chiarezza\u201d.<\/em><\/p>\n<p><em>\u201cAd ogni modo si \u00e8 evitato il peggio<\/em> \u2013 aggiunge -, <em>la catena di segnalazione e dei soccorsi si \u00e8 dimostrata efficace e tempestiva. C\u2019\u00e8 tantissima attenzione da parte delle amministrazioni nel proteggere e salvaguardare sia la comunit\u00e0 sia il patrimonio ambientale\u201d<\/em>, conclude.<\/p>\n<p>-Foto screenshot video Vigili del Fuoco-<br \/>\n(ITALPRESS).<\/p>\n<\/div>\n","protected":false},"excerpt":{"rendered":"<p>PANTELLERIA (TRAPANI) (ITALPRESS) \u2013 Un incendio \u00e8 divampato ieri notte a Pantelleria (Trapani) dove, intorno a mezzanotte, un rogo alimentato dal forte vento e dalle alte temperature, si stava espandendo sempre di pi\u00f9 nella zona nord dell\u2019isola, tra San Marco e San Nicola. Le fiamme sono avanzate velocemente tra campi incolti e macchia mediterranea, procedendo [&hellip;]<\/p>\n","protected":false},"author":18,"featured_media":248780,"comment_status":"closed","ping_status":"closed","sticky":false,"template":"","format":"standard","meta":{"ub_ctt_via":"","_mi_skip_tracking":false},"categories":[2449],"tags":[783],"featured_image_src":"https:\/\/www.messinaoggi.it\/website\/wp-content\/uploads\/2025\/08\/Incendio-Pantelleria.jpeg","author_info":{"display_name":"Admin","author_link":"https:\/\/www.messinaoggi.it\/website\/author\/admin\/"},"digistream_id":0,"digistream":false,"_links":{"self":[{"href":"https:\/\/www.messinaoggi.it\/website\/wp-json\/wp\/v2\/posts\/248779"}],"collection":[{"href":"https:\/\/www.messinaoggi.it\/website\/wp-json\/wp\/v2\/posts"}],"about":[{"href":"https:\/\/www.messinaoggi.it\/website\/wp-json\/wp\/v2\/types\/post"}],"author":[{"embeddable":true,"href":"https:\/\/www.messinaoggi.it\/website\/wp-json\/wp\/v2\/users\/18"}],"replies":[{"embeddable":true,"href":"https:\/\/www.messinaoggi.it\/website\/wp-json\/wp\/v2\/comments?post=248779"}],"version-history":[{"count":0,"href":"https:\/\/www.messinaoggi.it\/website\/wp-json\/wp\/v2\/posts\/248779\/revisions"}],"wp:featuredmedia":[{"embeddable":true,"href":"https:\/\/www.messinaoggi.it\/website\/wp-json\/wp\/v2\/media\/248780"}],"wp:attachment":[{"href":"https:\/\/www.messinaoggi.it\/website\/wp-json\/wp\/v2\/media?parent=248779"}],"wp:term":[{"taxonomy":"category","embeddable":true,"href":"https:\/\/www.messinaoggi.it\/website\/wp-json\/wp\/v2\/categories?post=248779"},{"taxonomy":"post_tag","embeddable":true,"href":"https:\/\/www.messinaoggi.it\/website\/wp-json\/wp\/v2\/tags?post=248779"}],"curies":[{"name":"wp","href":"https:\/\/api.w.org\/{rel}","templated":true}]}}