{"id":24869,"date":"2018-09-28T07:38:08","date_gmt":"2018-09-28T05:38:08","guid":{"rendered":"http:\/\/www.messinaoggi.it\/website\/?p=24869"},"modified":"2018-09-28T07:38:08","modified_gmt":"2018-09-28T05:38:08","slug":"mondiali-di-ciclismo-nibali-ed-il-sogno-iridato-lo-squalo-medita-lattacco-impossibile","status":"publish","type":"post","link":"https:\/\/www.messinaoggi.it\/website\/2018\/09\/28\/mondiali-di-ciclismo-nibali-ed-il-sogno-iridato-lo-squalo-medita-lattacco-impossibile\/","title":{"rendered":"E&#039; il giorno di Nibali, lo &quot;Squalo&quot; medita il colpo mondiale"},"content":{"rendered":"<p>E&#8217; il giorno di Vincenzo Nibali. Il campione di Messina sa di avere un conto aperto con il destino ed in Austria far\u00e0 di tutto per mettere le cose a posto, ovvero dimenticare la caduta alle Olimpiadi (quando l&#8217;oro era quasi certo) e l&#8217;infortunio al Tour de France, causato dalla ressa e dalla follia dell&#8217;indisciplinato pubblico transalpino. Non sta benissimo, Nibali, ma l&#8217;alfiere azzurro, orfano di Fabio Aru, vuole provarci.<br \/>\n\u201cNon sto male, ma corro al buio. Un po\u2019 verso l\u2019ignoto\u201d. Parole curiose alla vigilia della gara pi\u00f9 attesa pronunciate dallo &#8220;Squalo dello Stretto&#8221;, un modo per chiudersi e magari trovare la concentrazione necessaria per firmare l&#8217;impresa.<br \/>\nSui 252,9 chilometri da\u00a0Kufstein ad Innsbruck, non ci sar\u00e0 pi\u00f9 spazio per scherzare, pensare o rilasciare dichiarazioni: si decider\u00e0 tutto sulla strada, dove si assegner\u00e0 il titolo iridato, con la tanto attesa maglia da indossare per tutta la prossima stagione.<br \/>\nUn sogno, quello con i colori dell\u2019arcobaleno, che in casa Italia manca da dieci anni,\u00a0quando Alessandro Ballan riusc\u00ec a trionfare sul circuito di Varese. Il percorso sembra adatto alle caratteristiche di Nibali, il problema \u00e8 lo stato di salute per i postumi di quel maledetto infortunio che l&#8217;ha costretto a finire sotto i ferri.<br \/>\nIl rientro alle competizioni, con la Vuelta di Spagna, \u00e8 stato tutt\u2019altro che semplice, ma il Ct Cassani sa che pu\u00f2 contare sullo &#8220;Squalo&#8221;, basterebbe averlo al 90% per nutrire sogni di gloria. Servir\u00e0 un colpo di classe, qualcosa davvero di impossibile, visto che nello scontro diretto sembra partire battuto da tanti (Alaphilippe e Valverde su tutti che sullo strappo finale potrebbero fare la differenza), ma Nibali starebbe studiando un attacco in discesa, un po&#8217; come avvenne alla Milano-Sanremo.<br \/>\nDopo Vuelta, Giro d&#8217;Italia e Tour de France \u00e8 il momento del Mondiale, sarebbe davvero la ciliegina sulla torta di una carriera inimitabile per far saltare di gioia gli appassionati italiani di ciclismo e la sua &#8220;amata&#8221; Messina, che lo attende a braccia aperte per rendere onore ad uno dei suoi figli pi\u00f9 illustri.<br \/>\n<strong>Tonino Demana<\/strong><div id=\"div-gpt-ad-Messinaoggi.it-DSK-300x250-corpoart\" style=\"text-align:center;margin:0 auto;\"><\/div><\/p>\n<div id=\"videoincontent\" style=\"clear:both\";><\/div>","protected":false},"excerpt":{"rendered":"<p>E&#8217; il giorno di Vincenzo Nibali. Il campione di Messina sa di avere un conto aperto con il destino ed in Austria far\u00e0 di tutto per mettere le cose a posto, ovvero dimenticare la caduta alle Olimpiadi (quando l&#8217;oro era quasi certo) e l&#8217;infortunio al Tour de France, causato dalla ressa e dalla follia dell&#8217;indisciplinato [&hellip;]<\/p>\n","protected":false},"author":4,"featured_media":253,"comment_status":"closed","ping_status":"open","sticky":false,"template":"","format":"standard","meta":{"ub_ctt_via":"","_mi_skip_tracking":false},"categories":[8,9],"tags":[],"featured_image_src":"https:\/\/www.messinaoggi.it\/website\/wp-content\/uploads\/2017\/05\/Nibali-Vincenzo-2.jpg","author_info":{"display_name":"redme","author_link":"https:\/\/www.messinaoggi.it\/website\/author\/redme\/"},"digistream_id":0,"digistream":false,"_links":{"self":[{"href":"https:\/\/www.messinaoggi.it\/website\/wp-json\/wp\/v2\/posts\/24869"}],"collection":[{"href":"https:\/\/www.messinaoggi.it\/website\/wp-json\/wp\/v2\/posts"}],"about":[{"href":"https:\/\/www.messinaoggi.it\/website\/wp-json\/wp\/v2\/types\/post"}],"author":[{"embeddable":true,"href":"https:\/\/www.messinaoggi.it\/website\/wp-json\/wp\/v2\/users\/4"}],"replies":[{"embeddable":true,"href":"https:\/\/www.messinaoggi.it\/website\/wp-json\/wp\/v2\/comments?post=24869"}],"version-history":[{"count":0,"href":"https:\/\/www.messinaoggi.it\/website\/wp-json\/wp\/v2\/posts\/24869\/revisions"}],"wp:featuredmedia":[{"embeddable":true,"href":"https:\/\/www.messinaoggi.it\/website\/wp-json\/wp\/v2\/media\/253"}],"wp:attachment":[{"href":"https:\/\/www.messinaoggi.it\/website\/wp-json\/wp\/v2\/media?parent=24869"}],"wp:term":[{"taxonomy":"category","embeddable":true,"href":"https:\/\/www.messinaoggi.it\/website\/wp-json\/wp\/v2\/categories?post=24869"},{"taxonomy":"post_tag","embeddable":true,"href":"https:\/\/www.messinaoggi.it\/website\/wp-json\/wp\/v2\/tags?post=24869"}],"curies":[{"name":"wp","href":"https:\/\/api.w.org\/{rel}","templated":true}]}}