{"id":248617,"date":"2025-08-26T12:15:17","date_gmt":"2025-08-26T10:15:17","guid":{"rendered":"http:\/\/www.messinaoggi.it\/website\/?p=248617"},"modified":"2025-08-26T12:15:19","modified_gmt":"2025-08-26T10:15:19","slug":"tirone-buda-iv-municipalita-un-patrimonio-storico-da-salvare-dal-degrado","status":"publish","type":"post","link":"https:\/\/www.messinaoggi.it\/website\/2025\/08\/26\/tirone-buda-iv-municipalita-un-patrimonio-storico-da-salvare-dal-degrado\/","title":{"rendered":"Tirone, Buda (IV Municipalit\u00e0): \u201cUn patrimonio storico da salvare dal degrado\u201d"},"content":{"rendered":"\n<p>Si riaccendono i riflettori sul Tirone, una delle zone pi\u00f9 antiche e affascinanti della citt\u00e0, i cui resti risalgono addirittura al 1500. Oggi per\u00f2 l\u2019area versa in condizioni di degrado ed \u00e8 segnata dalla presenza di baracche.<div id=\"div-gpt-ad-Messinaoggi.it-DSK-300x250-corpoart\" style=\"text-align:center;margin:0 auto;\"><\/div><\/p>\n\n\n\n<p>A rilanciare l\u2019attenzione \u00e8 <strong>Debora Buda<\/strong>, vicepresidente della IV Municipalit\u00e0: \u201cC\u2019\u00e8 una zona magica e nascosta nella nostra citt\u00e0: il Tirone. Negli anni abbiamo combattuto infinite volte l\u2019incuria e il degrado qui presente\u201d.<div id=\"videoincontent\" style=\"clear:both\";><\/div><\/p>\n\n\n\n<figure class=\"wp-block-image size-large\"><img loading=\"lazy\" width=\"720\" height=\"720\" src=\"http:\/\/www.messinaoggi.it\/website\/wp-content\/uploads\/2022\/03\/Debora-Buda.jpeg\" alt=\"\" class=\"wp-image-102259\" srcset=\"https:\/\/www.messinaoggi.it\/website\/wp-content\/uploads\/2022\/03\/Debora-Buda.jpeg 720w, https:\/\/www.messinaoggi.it\/website\/wp-content\/uploads\/2022\/03\/Debora-Buda-300x300.jpeg 300w, https:\/\/www.messinaoggi.it\/website\/wp-content\/uploads\/2022\/03\/Debora-Buda-150x150.jpeg 150w\" sizes=\"(max-width: 720px) 100vw, 720px\" \/><figcaption>Debora Buda<\/figcaption><\/figure>\n\n\n\n<p>Buda ricorda come gi\u00e0 nel 2018 la questione fosse stata sollevata: \u201cSu mia richiesta avevamo gi\u00e0 fatto un sopralluogo con il precedente Consiglio, ma ben poco venne fatto\u201d.<\/p>\n\n\n\n<p>Il tema torna ora in Commissione: \u201cAncora una volta, su Ordine del Giorno da me proposto, oggi ne parliamo nella I Commissione con i miei colleghi, per tenere accesi i riflettori su quest\u2019area\u201d.<\/p>\n\n\n\n<p>Un sito di grande valore storico e identitario, che resta in attesa di un serio progetto di recupero e valorizzazione.<\/p>\n","protected":false},"excerpt":{"rendered":"<p>Si riaccendono i riflettori sul Tirone, una delle zone pi\u00f9 antiche e affascinanti della citt\u00e0, i cui resti risalgono addirittura al 1500. Oggi per\u00f2 l\u2019area versa in condizioni di degrado ed \u00e8 segnata dalla presenza di baracche. A rilanciare l\u2019attenzione \u00e8 Debora Buda, vicepresidente della IV Municipalit\u00e0: \u201cC\u2019\u00e8 una zona magica e nascosta nella nostra [&hellip;]<\/p>\n","protected":false},"author":15,"featured_media":22959,"comment_status":"open","ping_status":"open","sticky":false,"template":"","format":"standard","meta":{"ub_ctt_via":"","_mi_skip_tracking":false},"categories":[4,6],"tags":[998,3901,2403,1203,11649],"featured_image_src":"https:\/\/www.messinaoggi.it\/website\/wp-content\/uploads\/2018\/08\/tirone-ingresso-sotterraneo-per-real-cittadella-1.jpg","author_info":{"display_name":"red.me","author_link":"https:\/\/www.messinaoggi.it\/website\/author\/red-me\/"},"digistream_id":0,"digistream":false,"_links":{"self":[{"href":"https:\/\/www.messinaoggi.it\/website\/wp-json\/wp\/v2\/posts\/248617"}],"collection":[{"href":"https:\/\/www.messinaoggi.it\/website\/wp-json\/wp\/v2\/posts"}],"about":[{"href":"https:\/\/www.messinaoggi.it\/website\/wp-json\/wp\/v2\/types\/post"}],"author":[{"embeddable":true,"href":"https:\/\/www.messinaoggi.it\/website\/wp-json\/wp\/v2\/users\/15"}],"replies":[{"embeddable":true,"href":"https:\/\/www.messinaoggi.it\/website\/wp-json\/wp\/v2\/comments?post=248617"}],"version-history":[{"count":2,"href":"https:\/\/www.messinaoggi.it\/website\/wp-json\/wp\/v2\/posts\/248617\/revisions"}],"predecessor-version":[{"id":248619,"href":"https:\/\/www.messinaoggi.it\/website\/wp-json\/wp\/v2\/posts\/248617\/revisions\/248619"}],"wp:featuredmedia":[{"embeddable":true,"href":"https:\/\/www.messinaoggi.it\/website\/wp-json\/wp\/v2\/media\/22959"}],"wp:attachment":[{"href":"https:\/\/www.messinaoggi.it\/website\/wp-json\/wp\/v2\/media?parent=248617"}],"wp:term":[{"taxonomy":"category","embeddable":true,"href":"https:\/\/www.messinaoggi.it\/website\/wp-json\/wp\/v2\/categories?post=248617"},{"taxonomy":"post_tag","embeddable":true,"href":"https:\/\/www.messinaoggi.it\/website\/wp-json\/wp\/v2\/tags?post=248617"}],"curies":[{"name":"wp","href":"https:\/\/api.w.org\/{rel}","templated":true}]}}