{"id":248598,"date":"2025-08-25T19:15:36","date_gmt":"2025-08-25T17:15:36","guid":{"rendered":"https:\/\/www.messinaoggi.it\/website\/2025\/08\/25\/marcello-caruso-forza-italia-primo-partito-in-sicilia-mi-candido-al-congresso\/"},"modified":"2025-08-25T19:15:36","modified_gmt":"2025-08-25T17:15:36","slug":"marcello-caruso-forza-italia-primo-partito-in-sicilia-mi-candido-al-congresso","status":"publish","type":"post","link":"https:\/\/www.messinaoggi.it\/website\/2025\/08\/25\/marcello-caruso-forza-italia-primo-partito-in-sicilia-mi-candido-al-congresso\/","title":{"rendered":"Marcello Caruso \u201cForza Italia primo partito in Sicilia, mi candido al congresso\u201d"},"content":{"rendered":"<div>\n<p>PALERMO (ITALPRESS) \u2013 <em>\u201cSono profondamente legato a Forza Italia, un partito che continua a ispirarsi ai valori di libert\u00e0 e giustizia indicati dal Presidente Silvio Berlusconi. Tale \u00e8 il mio legame, che certamente non eserciter\u00f2 mai il mio ruolo per alimentare scontri interni, consapevole che un tale comportamento danneggerebbe il partito a vantaggio di altri. Segnalo, comunque, soprattutto a chi rischia di apparire un po\u2019 distratto, che negli ultimi anni il nostro partito \u2013 grazie al contributo di molti, dai semplici militanti agli amministratori locali ai deputati di tutti i livelli istituzionali \u2013 \u00e8 diventato il primo partito in Sicilia, rendendo la Regione la pi\u00f9 azzurra d\u2019Italia. Siamo il gruppo pi\u00f9 numeroso all\u2019Ars e, alle scorse elezioni per il rinnovo dei ex-enti provinciali, pur non condividendo le modalit\u00e0 di voto che precludono agli elettori di scegliere direttamente i propri rappresentanti, abbiamo ottenuto in assoluto il maggior numero di consiglieri eletti\u201d.<\/em> Lo dichiara <strong>Marcello Caruso,<\/strong> coordinatore regionale di <strong>Forza Italia<\/strong> in <strong>Sicilia.<\/strong><div id=\"div-gpt-ad-Messinaoggi.it-DSK-300x250-corpoart\" style=\"text-align:center;margin:0 auto;\"><\/div><\/p>\n<p><em>\u201cIl prossimo congresso, condiviso con la Segreteria Nazionale per eleggere i coordinatori regionali, sar\u00e0 l\u2019occasione utile per quanti intendono presentare proposte e mozioni<\/em> \u2013 aggiunge -. <em>Questo dar\u00e0 l\u2019opportunit\u00e0 ai nostri militanti di scegliere democraticamente chi guider\u00e0 il Partito nei prossimi anni e soprattutto di dialogare e confrontarsi nelle sedi a ci\u00f2 deputate. Nessuno mi porter\u00e0 mai, come purtroppo altri intendono fare, ad anteporre le mie mire personali al bene superiore di Forza Italia. Mi candido perch\u00e9 credo che, cos\u00ec come avvenuto in questi anni e con la collaborazione della deputazione, della classe dirigente, degli amministratori e dei nostri militanti, possiamo determinare un\u2019ulteriore crescita del partito per farne sempre pi\u00f9 il punto di riferimento naturale per tutti i liberali, i riformisti, i garantisti e gli europeisti che vogliono continuare a credere nella buona politica. A dispetto di quanti pensano di avvantaggiarsi da certe fughe in avanti, Forza Italia in Sicilia sar\u00e0 sempre il vero e forte riferimento del centro moderato\u201d<\/em>, conclude Marcello Caruso, coordinatore regionale di Forza Italia in Sicilia.<div id=\"videoincontent\" style=\"clear:both\";><\/div><\/p>\n<p>\u2013 foto IPA Agency \u2013<\/p>\n<p>(ITALPRESS).<\/p>\n<\/div>\n","protected":false},"excerpt":{"rendered":"<p>PALERMO (ITALPRESS) \u2013 \u201cSono profondamente legato a Forza Italia, un partito che continua a ispirarsi ai valori di libert\u00e0 e giustizia indicati dal Presidente Silvio Berlusconi. Tale \u00e8 il mio legame, che certamente non eserciter\u00f2 mai il mio ruolo per alimentare scontri interni, consapevole che un tale comportamento danneggerebbe il partito a vantaggio di altri. [&hellip;]<\/p>\n","protected":false},"author":18,"featured_media":248599,"comment_status":"closed","ping_status":"closed","sticky":false,"template":"","format":"standard","meta":{"ub_ctt_via":"","_mi_skip_tracking":false},"categories":[2449],"tags":[783],"featured_image_src":"https:\/\/www.messinaoggi.it\/website\/wp-content\/uploads\/2025\/08\/Marcello-Caruso-1.jpg","author_info":{"display_name":"Admin","author_link":"https:\/\/www.messinaoggi.it\/website\/author\/admin\/"},"digistream_id":0,"digistream":false,"_links":{"self":[{"href":"https:\/\/www.messinaoggi.it\/website\/wp-json\/wp\/v2\/posts\/248598"}],"collection":[{"href":"https:\/\/www.messinaoggi.it\/website\/wp-json\/wp\/v2\/posts"}],"about":[{"href":"https:\/\/www.messinaoggi.it\/website\/wp-json\/wp\/v2\/types\/post"}],"author":[{"embeddable":true,"href":"https:\/\/www.messinaoggi.it\/website\/wp-json\/wp\/v2\/users\/18"}],"replies":[{"embeddable":true,"href":"https:\/\/www.messinaoggi.it\/website\/wp-json\/wp\/v2\/comments?post=248598"}],"version-history":[{"count":0,"href":"https:\/\/www.messinaoggi.it\/website\/wp-json\/wp\/v2\/posts\/248598\/revisions"}],"wp:featuredmedia":[{"embeddable":true,"href":"https:\/\/www.messinaoggi.it\/website\/wp-json\/wp\/v2\/media\/248599"}],"wp:attachment":[{"href":"https:\/\/www.messinaoggi.it\/website\/wp-json\/wp\/v2\/media?parent=248598"}],"wp:term":[{"taxonomy":"category","embeddable":true,"href":"https:\/\/www.messinaoggi.it\/website\/wp-json\/wp\/v2\/categories?post=248598"},{"taxonomy":"post_tag","embeddable":true,"href":"https:\/\/www.messinaoggi.it\/website\/wp-json\/wp\/v2\/tags?post=248598"}],"curies":[{"name":"wp","href":"https:\/\/api.w.org\/{rel}","templated":true}]}}