{"id":248594,"date":"2025-08-25T19:15:32","date_gmt":"2025-08-25T17:15:32","guid":{"rendered":"https:\/\/www.messinaoggi.it\/website\/2025\/08\/25\/palermo-calcio-ecco-veroli-io-piu-braccetto-che-esterno-tifosi-calorosi\/"},"modified":"2025-08-25T19:15:32","modified_gmt":"2025-08-25T17:15:32","slug":"palermo-calcio-ecco-veroli-io-piu-braccetto-che-esterno-tifosi-calorosi","status":"publish","type":"post","link":"https:\/\/www.messinaoggi.it\/website\/2025\/08\/25\/palermo-calcio-ecco-veroli-io-piu-braccetto-che-esterno-tifosi-calorosi\/","title":{"rendered":"Palermo Calcio, ecco Veroli \u201cIo pi\u00f9 braccetto che esterno, tifosi calorosi\u201d"},"content":{"rendered":"<div>\n<p>PALERMO (ITALPRESS) \u2013 Determinazione e voglia di scalare le gerarchie: <strong>Davide Veroli<\/strong> \u00e8 pronto a prendersi il Palermo e dare il proprio contributo nella scalata alla promozione. L\u2019ex <strong>Cagliari<\/strong> \u00e8 stato presentato nel centro sportivo di Torretta:<em> \u201cPalermo \u00e8 una piazza che parla da sola, non c\u2019era bisogno di tante domande per venire qui<\/em> \u2013 afferma, \u2013<em> \u00c8 vero che c\u2019erano altre squadre interessate, ma ho scelto lo stesso Palermo: il clima prepartita partita con la Reggiana \u00e8 stato qualcosa di sensazionale, i tifosi sono davvero calorosi e possono aiutarci a fare bene\u201d.<\/em><div id=\"div-gpt-ad-Messinaoggi.it-DSK-300x250-corpoart\" style=\"text-align:center;margin:0 auto;\"><\/div><\/p>\n<p>Uno dei nodi da sciogliere riguarda il ruolo nell\u2019undici rosanero: <em>\u201cAvr\u00f2 modo di parlare meglio con Inzaghi sugli aspetti tattici<\/em> \u2013 sottolinea <strong>Veroli<\/strong>, \u2013 <em>Finora ho fatto il braccetto a sinistra e anche se ho avuto modo di fare l\u2019esterno a tutta fascia mi trovo meglio nel terzetto difensivo: quand\u2019ero pi\u00f9 piccolo facevo l\u2019esterno d\u2019attacco, ma poi ho fatto anche trequartista e regista; \u00e8 stato Legrottaglie a Pescara a \u2018inventarmi\u2019 difensore centrale, ho iniziato a quattro e poi ho sempre fatto il braccetto\u201d.<\/em><div id=\"videoincontent\" style=\"clear:both\";><\/div><\/p>\n<p>Per quanto riguarda il primo impatto con l\u2019ambiente rosanero, spiega, <em>\u201csono arrivato da poco ma gi\u00e0 mi sono trovato bene con i compagni: cercher\u00f2 di mettermi a disposizione fin da subito, di migliorare sempre e prendere spunto da giocatori pi\u00f9 affermati; giocare in piazze importanti ha i suoi pro e contro, ma i tifosi riescono sempre a dare qualcosa di pi\u00f9 in campo. Brunori e Pohjanpalo sono giocatori di categoria superiore, un lusso per la Serie B: l\u2019anno scorso \u00e8 stato difficile affrontarli, quest\u2019anno mi ritengo fortunato a giocare insieme a loro\u201d. <\/em><\/p>\n<p>\u2013 Foto xd8\/Italpress \u2013<\/p>\n<p>(ITALPRESS)<\/p>\n<\/div>\n","protected":false},"excerpt":{"rendered":"<p>PALERMO (ITALPRESS) \u2013 Determinazione e voglia di scalare le gerarchie: Davide Veroli \u00e8 pronto a prendersi il Palermo e dare il proprio contributo nella scalata alla promozione. L\u2019ex Cagliari \u00e8 stato presentato nel centro sportivo di Torretta: \u201cPalermo \u00e8 una piazza che parla da sola, non c\u2019era bisogno di tante domande per venire qui \u2013 [&hellip;]<\/p>\n","protected":false},"author":18,"featured_media":248595,"comment_status":"closed","ping_status":"closed","sticky":false,"template":"","format":"standard","meta":{"ub_ctt_via":"","_mi_skip_tracking":false},"categories":[2449],"tags":[783],"featured_image_src":"https:\/\/www.messinaoggi.it\/website\/wp-content\/uploads\/2025\/08\/IMG20250825145919.jpg","author_info":{"display_name":"Admin","author_link":"https:\/\/www.messinaoggi.it\/website\/author\/admin\/"},"digistream_id":0,"digistream":false,"_links":{"self":[{"href":"https:\/\/www.messinaoggi.it\/website\/wp-json\/wp\/v2\/posts\/248594"}],"collection":[{"href":"https:\/\/www.messinaoggi.it\/website\/wp-json\/wp\/v2\/posts"}],"about":[{"href":"https:\/\/www.messinaoggi.it\/website\/wp-json\/wp\/v2\/types\/post"}],"author":[{"embeddable":true,"href":"https:\/\/www.messinaoggi.it\/website\/wp-json\/wp\/v2\/users\/18"}],"replies":[{"embeddable":true,"href":"https:\/\/www.messinaoggi.it\/website\/wp-json\/wp\/v2\/comments?post=248594"}],"version-history":[{"count":0,"href":"https:\/\/www.messinaoggi.it\/website\/wp-json\/wp\/v2\/posts\/248594\/revisions"}],"wp:featuredmedia":[{"embeddable":true,"href":"https:\/\/www.messinaoggi.it\/website\/wp-json\/wp\/v2\/media\/248595"}],"wp:attachment":[{"href":"https:\/\/www.messinaoggi.it\/website\/wp-json\/wp\/v2\/media?parent=248594"}],"wp:term":[{"taxonomy":"category","embeddable":true,"href":"https:\/\/www.messinaoggi.it\/website\/wp-json\/wp\/v2\/categories?post=248594"},{"taxonomy":"post_tag","embeddable":true,"href":"https:\/\/www.messinaoggi.it\/website\/wp-json\/wp\/v2\/tags?post=248594"}],"curies":[{"name":"wp","href":"https:\/\/api.w.org\/{rel}","templated":true}]}}