{"id":248560,"date":"2025-08-25T12:17:28","date_gmt":"2025-08-25T10:17:28","guid":{"rendered":"http:\/\/www.messinaoggi.it\/website\/?p=248560"},"modified":"2025-08-25T12:17:36","modified_gmt":"2025-08-25T10:17:36","slug":"the-kolors-concerto-mancato-il-comune-pronto-alle-vie-legali","status":"publish","type":"post","link":"https:\/\/www.messinaoggi.it\/website\/2025\/08\/25\/the-kolors-concerto-mancato-il-comune-pronto-alle-vie-legali\/","title":{"rendered":"The Kolors: concerto mancato, il Comune pronto alle vie legali"},"content":{"rendered":"\n<p>l\u2019Amministrazione comunale di Messina interviene per chiarire in merito a commenti e articoli di stampa che stanno circolando riguardo al caso del mancato concerto dei The Kolors.<div id=\"div-gpt-ad-Messinaoggi.it-DSK-300x250-corpoart\" style=\"text-align:center;margin:0 auto;\"><\/div><\/p>\n\n\n\n<p>\u201cA completamento di quanto gi\u00e0 detto nei giorni scorsi, \u00e8 opportuno che i cittadini sappiano come stanno davvero le cose\u201d si legge in una nota.<div id=\"videoincontent\" style=\"clear:both\";><\/div><\/p>\n\n\n\n<p>\u201cI The Kolors non sarebbero venuti a Messina per un\u2019iniziativa benefica, n\u00e9 la loro eventuale esibizione sarebbe avvenuta a titolo gratuito per loro scelta. Al contrario, la band sarebbe stata ingaggiata dal Comune di Messina con un cachet pari a 65 mila euro. L\u2019intento dell\u2019Amministrazione era quello di offrire alla cittadinanza un grande evento musicale di rilevanza nazionale, totalmente a beneficio della collettivit\u00e0. Per esigenze esclusivamente legate alla sicurezza e al contingentamento degli accessi, \u00e8 stato previsto un ticket simbolico di 1,50 euro. \u00c8 importante sottolineare che tale somma non \u00e8 stata in alcun modo incassata dal Comune, che ha invece sostenuto integralmente tutte le spese organizzative e quelle connesse alla performance artistica&#8221; viene spiegato. <\/p>\n\n\n\n<p>&#8220;Proprio in virt\u00f9 di questo impegno economico e organizzativo, da parte degli artisti ci si attendeva un comportamento professionale adeguato all\u2019occasione. Purtroppo, le dichiarazioni rese successivamente da Stash hanno arrecato un serio danno d\u2019immagine all\u2019Amministrazione comunale, generando critiche ingenerose e prive di fondamento. Per tali ragioni, l\u2019Amministrazione sta valutando l\u2019opportunit\u00e0 di tutelarsi anche nelle sedi legali competenti per le affermazioni ritenute lesive della propria reputazione\u201d conclude la nota.<\/p>\n","protected":false},"excerpt":{"rendered":"<p>l\u2019Amministrazione comunale di Messina interviene per chiarire in merito a commenti e articoli di stampa che stanno circolando riguardo al caso del mancato concerto dei The Kolors. \u201cA completamento di quanto gi\u00e0 detto nei giorni scorsi, \u00e8 opportuno che i cittadini sappiano come stanno davvero le cose\u201d si legge in una nota. \u201cI The Kolors [&hellip;]<\/p>\n","protected":false},"author":15,"featured_media":247377,"comment_status":"open","ping_status":"open","sticky":false,"template":"","format":"standard","meta":{"ub_ctt_via":"","_mi_skip_tracking":false},"categories":[5,6],"tags":[10667,25,11646,6215,11587],"featured_image_src":"https:\/\/www.messinaoggi.it\/website\/wp-content\/uploads\/2025\/08\/476834181_1184402809721885_7981260508837028821_n.jpg","author_info":{"display_name":"red.me","author_link":"https:\/\/www.messinaoggi.it\/website\/author\/red-me\/"},"digistream_id":0,"digistream":false,"_links":{"self":[{"href":"https:\/\/www.messinaoggi.it\/website\/wp-json\/wp\/v2\/posts\/248560"}],"collection":[{"href":"https:\/\/www.messinaoggi.it\/website\/wp-json\/wp\/v2\/posts"}],"about":[{"href":"https:\/\/www.messinaoggi.it\/website\/wp-json\/wp\/v2\/types\/post"}],"author":[{"embeddable":true,"href":"https:\/\/www.messinaoggi.it\/website\/wp-json\/wp\/v2\/users\/15"}],"replies":[{"embeddable":true,"href":"https:\/\/www.messinaoggi.it\/website\/wp-json\/wp\/v2\/comments?post=248560"}],"version-history":[{"count":2,"href":"https:\/\/www.messinaoggi.it\/website\/wp-json\/wp\/v2\/posts\/248560\/revisions"}],"predecessor-version":[{"id":248562,"href":"https:\/\/www.messinaoggi.it\/website\/wp-json\/wp\/v2\/posts\/248560\/revisions\/248562"}],"wp:featuredmedia":[{"embeddable":true,"href":"https:\/\/www.messinaoggi.it\/website\/wp-json\/wp\/v2\/media\/247377"}],"wp:attachment":[{"href":"https:\/\/www.messinaoggi.it\/website\/wp-json\/wp\/v2\/media?parent=248560"}],"wp:term":[{"taxonomy":"category","embeddable":true,"href":"https:\/\/www.messinaoggi.it\/website\/wp-json\/wp\/v2\/categories?post=248560"},{"taxonomy":"post_tag","embeddable":true,"href":"https:\/\/www.messinaoggi.it\/website\/wp-json\/wp\/v2\/tags?post=248560"}],"curies":[{"name":"wp","href":"https:\/\/api.w.org\/{rel}","templated":true}]}}