{"id":248445,"date":"2025-08-22T21:00:32","date_gmt":"2025-08-22T19:00:32","guid":{"rendered":"https:\/\/www.messinaoggi.it\/website\/2025\/08\/22\/inzaghi-palermo-carico-per-la-reggiana-non-vedo-lora-di-iniziare\/"},"modified":"2025-08-23T18:17:15","modified_gmt":"2025-08-23T16:17:15","slug":"inzaghi-palermo-carico-per-la-reggiana-non-vedo-lora-di-iniziare","status":"publish","type":"post","link":"https:\/\/www.messinaoggi.it\/website\/2025\/08\/22\/inzaghi-palermo-carico-per-la-reggiana-non-vedo-lora-di-iniziare\/","title":{"rendered":"Inzaghi \u201cPalermo carico per la Reggiana, non vedo l\u2019ora di iniziare\u201d"},"content":{"rendered":"<div>\n<p>PALERMO (ITALPRESS) \u2013 Buone sensazioni, ma senza sottovalutare l\u2019avversario: Pippo Inzaghi \u00e8 pronto per il debutto in campionato e spera di vedere dai suoi ragazzi la stessa energia mostrata in ritiro e nel match di Coppa Italia con la Cremonese.<br \/>Il cammino del Palermo inizier\u00e0 contro la Reggiana ma il tecnico, che ha parlato in conferenza stampa allo stadio Renzo Barbera, sottolinea come \u201csono qui da appena 40 giorni, \u00e8 impossibile pensare che gi\u00e0 domani sia tutto perfetto: sono per\u00f2 molto soddisfatto dell\u2019atteggiamento, della voglia e dell\u2019abnegazione che vedo in allenamento. La squadra \u00e8 carica e forte, non vedo l\u2019ora di iniziare: mi auguro che al fischio finale la gente sia orgogliosa di noi\u201d. La sfida con i granata e quelle che la seguiranno possono permettere a \u2018Superpipp\u00f2 di sfatare un tab\u00f9: \u201cNei due campionati di Serie B che ho vinto (con il Benevento nel 2019\/20 e il Pisa nel 2024\/25, ndr) ho fatto fatica nelle prime giornate: domani cercheremo di essere aggressivi, ma la Reggiana nel precampionato ha fatto bene, ha anche pareggiato con la Juventus. Mi \u00e8 piaciuta la personalit\u00e0 che abbiamo avuto a Cremona: domani sar\u00e0 la classica partita in cui l\u2019avversario ci attender\u00e0, dovremo fare bene tecnicamente e questa squadra ce l\u2019ha nelle corde\u201d.<br \/>Diversi i dubbi di formazione: \u201cQuesta squadra davanti ha l\u2019imbarazzo della scelta \u2013 spiega Inzaghi, \u2013 Recuperiamo Vasic che non \u00e8 stato molto bene. In questo momento solo Palumbo, che per me \u00e8 un titolare, deve migliorare la condizione: quando star\u00e0 bene giocher\u00e0, ci aspettiamo che ci faccia fare un salto di qualit\u00e0. Peda \u00e8 rientrato, Gomes sta bene ma lo vogliamo al 100%: sar\u00e0 pronto per la prossima\u201d. Il tecnico si sofferma poi sul tema che pi\u00f9 tiene banco in questi giorni: \u201cMagnani ha avuto un problema personale che ci ha toccato tutti: l\u2019unica cosa che ho da dire \u00e8 che lo aspettiamo al pi\u00f9 presto\u201d.<br \/>Allargando la riflessione al mercato, prosegue Inzaghi, \u201csiamo a posto cos\u00ec, siamo coperti in ogni reparto: al posto di Augello posso giocare Pierozzi, Gyasi e anche Veroli. Non parlerei pi\u00f9 delle passate stagioni, il passato va dimenticato: i giocatori che alleno sono molto pi\u00f9 forti di quello che hanno dimostrato, valgono molto di pi\u00f9 dell\u2019ottavo posto dello scorso anno\u201d.<br \/>Quella di domani sar\u00e0 la prima partita ufficiale in casa, bench\u00e8 \u2018Superpipp\u00f2 abbia gi\u00e0 sperimentato il calore del Barbera in occasione dell\u2019Anglo-Palermitan Trophy: \u201cDobbiamo cercare di fare la nostra partita e trascinare il pubblico. Abbiamo la fortuna di giocare in uno stadio di Serie A, in questa categoria non ce l\u2019ha nessuno: questi tifosi hanno un\u2019intelligenza superiore alla media, a loro chiedo di stare sempre vicino ai ragazzi e, se mai ci fischieranno, di fischiare me e non la squadra\u201d. <div id=\"div-gpt-ad-Messinaoggi.it-DSK-300x250-corpoart\" style=\"text-align:center;margin:0 auto;\"><\/div><\/p>\n<p>\u2013 Foto: Ipa Agency \u2013 <div id=\"videoincontent\" style=\"clear:both\";><\/div><\/p>\n<p>(ITALPRESS)<\/p>\n<\/div>\n","protected":false},"excerpt":{"rendered":"<p>PALERMO (ITALPRESS) \u2013 Buone sensazioni, ma senza sottovalutare l\u2019avversario: Pippo Inzaghi \u00e8 pronto per il debutto in campionato e spera di vedere dai suoi ragazzi la stessa energia mostrata in ritiro e nel match di Coppa Italia con la Cremonese.Il cammino del Palermo inizier\u00e0 contro la Reggiana ma il tecnico, che ha parlato in conferenza [&hellip;]<\/p>\n","protected":false},"author":18,"featured_media":248446,"comment_status":"closed","ping_status":"closed","sticky":false,"template":"","format":"standard","meta":{"ub_ctt_via":"","_mi_skip_tracking":false},"categories":[10,2449,9],"tags":[783],"featured_image_src":"https:\/\/www.messinaoggi.it\/website\/wp-content\/uploads\/2025\/08\/20250822_1916.jpg","author_info":{"display_name":"Admin","author_link":"https:\/\/www.messinaoggi.it\/website\/author\/admin\/"},"digistream_id":0,"digistream":false,"_links":{"self":[{"href":"https:\/\/www.messinaoggi.it\/website\/wp-json\/wp\/v2\/posts\/248445"}],"collection":[{"href":"https:\/\/www.messinaoggi.it\/website\/wp-json\/wp\/v2\/posts"}],"about":[{"href":"https:\/\/www.messinaoggi.it\/website\/wp-json\/wp\/v2\/types\/post"}],"author":[{"embeddable":true,"href":"https:\/\/www.messinaoggi.it\/website\/wp-json\/wp\/v2\/users\/18"}],"replies":[{"embeddable":true,"href":"https:\/\/www.messinaoggi.it\/website\/wp-json\/wp\/v2\/comments?post=248445"}],"version-history":[{"count":1,"href":"https:\/\/www.messinaoggi.it\/website\/wp-json\/wp\/v2\/posts\/248445\/revisions"}],"predecessor-version":[{"id":248466,"href":"https:\/\/www.messinaoggi.it\/website\/wp-json\/wp\/v2\/posts\/248445\/revisions\/248466"}],"wp:featuredmedia":[{"embeddable":true,"href":"https:\/\/www.messinaoggi.it\/website\/wp-json\/wp\/v2\/media\/248446"}],"wp:attachment":[{"href":"https:\/\/www.messinaoggi.it\/website\/wp-json\/wp\/v2\/media?parent=248445"}],"wp:term":[{"taxonomy":"category","embeddable":true,"href":"https:\/\/www.messinaoggi.it\/website\/wp-json\/wp\/v2\/categories?post=248445"},{"taxonomy":"post_tag","embeddable":true,"href":"https:\/\/www.messinaoggi.it\/website\/wp-json\/wp\/v2\/tags?post=248445"}],"curies":[{"name":"wp","href":"https:\/\/api.w.org\/{rel}","templated":true}]}}