{"id":248443,"date":"2025-08-22T20:05:43","date_gmt":"2025-08-22T18:05:43","guid":{"rendered":"https:\/\/www.messinaoggi.it\/website\/2025\/08\/22\/draghi-dallucraina-a-gaza-ue-marginale-e-spettatrice\/"},"modified":"2025-08-22T20:05:43","modified_gmt":"2025-08-22T18:05:43","slug":"draghi-dallucraina-a-gaza-ue-marginale-e-spettatrice","status":"publish","type":"post","link":"https:\/\/www.messinaoggi.it\/website\/2025\/08\/22\/draghi-dallucraina-a-gaza-ue-marginale-e-spettatrice\/","title":{"rendered":"Draghi \u201cDall\u2019Ucraina a Gaza, Ue marginale e spettatrice\u201d"},"content":{"rendered":"<div>RIMINI (ITALPRESS) &#8211; &#8220;Per anni l&#8217;Ue ha creduto che la dimensione economica con 450 milioni di consumatori portasse con s\u00e8 potere geopolitico e nelle relazioni commerciali. Quest&#8217;anno sar\u00e0 ricordato come l&#8217;anno in cui questa illusione \u00e8 evaporata. Abbiamo dovuto rassegnarci ai dazi Usa, siamo stati spinti dallo stesso alleato ad aumentare la spesa militare, decisione che forse avremmo dovuto prendere ma non in queste forme e modi&#8221;. Cos\u00ec Mario Draghi, intervenendo al 46\u00b0 Meeting di Rimini. &#8220;L&#8217;Ue &#8211; ha aggiunto &#8211; ha avuto un ruolo marginale per i negoziati per la pace in Ucraina. L&#8217;Ue \u00e8 stata spettatrice anche quando siti nucleari iraniani venivano bombardati e il massacro di Gaza si intensificava&#8221;.<br \/>\nSecondo l&#8217;ex premier &#8220;l&#8217;Europa deve trasformarsi da spettatore, o da comprimario, in attore protagonista, deve mutare anche la sua organizzazione politica che \u00e8 inseparabile dalla sua capacit\u00e0 di raggiungere i suoi obiettivi economici e strategici e le riforme in campo economico restano necessarie&#8221;.<br \/>\n&#8220;L&#8217;Europa \u00e8 la migliore opportunit\u00e0 per un futuro di pace e sicurezza. E una democrazia, siete voi, siamo noi, sono gli europei che decidono le sue priorit\u00e0&#8221;, le parole di Draghi, ricordando che &#8220;in passato ho parlato di &#8220;debito buono e debito cattivo. Oggi per\u00f2 in alcuni settori il debito buono non \u00e8 possibile a livello nazionale perch\u00e8 investimenti fatti in isolamento non possono aumentare la produttivit\u00e0. Solo forme di<br \/>\ndebito comune possono sostenere progetti europei di grande ampiezza che sforzi frammentati e insufficienti non riuscirebbero ad ampliare. Questo vale per la difesa, per l&#8217;energia, per le tecnologie dirompenti&#8221;.<br \/>\nC&#8217;\u00e8 stata una &#8220;sveglia molto brutale che ci ha dato Trump, le relazioni con gli Usa hanno cambiato tutto. La prima cosa da fare \u00e8: stringiamoci tutti insieme. Ma c&#8217;\u00e8 una situazione politica, sociale e psicologica che fa sperare bene circa una diversa forma di organizzazione politica, bisogna imparare ad andare d&#8217;accordo. Rigidit\u00e0 e passivit\u00e0 creano inazione, \u00e8 un p\u00f2 quello che abbiamo visto negli ultimi 10-15 anni, l&#8217;inazione \u00e8 il peggior nemico dell&#8217;Europa&#8221;.<br \/>\n&#8220;Non \u00e8 sorprendente che lo scetticismo nei confronti dell&#8217;Europa abbia raggiunto nuovi picchi &#8211; sottolinea l&#8217;ex premier -. E&#8217; importante chiedersi quale sia veramente l&#8217;oggetto di questo scetticismo, a mio avviso non \u00e8 nei confronti dei valori su cui era stata fondata, credo riguardi la capacit\u00e0 dell&#8217;Ue di difendere questi valori. In parte questo \u00e8 comprensibile, i modelli di organizzazione emergono anche per risolvere problemi del loro tempo e, quando questi cambiano, questa deve cambiare&#8221;.<div id=\"div-gpt-ad-Messinaoggi.it-DSK-300x250-corpoart\" style=\"text-align:center;margin:0 auto;\"><\/div><\/p>\n<p>&#8211; foto Ipa Agency &#8211;<div id=\"videoincontent\" style=\"clear:both\";><\/div><\/p>\n<p>(ITALPRESS).<\/p><\/div>\n","protected":false},"excerpt":{"rendered":"<p>RIMINI (ITALPRESS) &#8211; &#8220;Per anni l&#8217;Ue ha creduto che la dimensione economica con 450 milioni di consumatori portasse con s\u00e8 potere geopolitico e nelle relazioni commerciali. Quest&#8217;anno sar\u00e0 ricordato come l&#8217;anno in cui questa illusione \u00e8 evaporata. Abbiamo dovuto rassegnarci ai dazi Usa, siamo stati spinti dallo stesso alleato ad aumentare la spesa militare, decisione [&hellip;]<\/p>\n","protected":false},"author":18,"featured_media":248444,"comment_status":"closed","ping_status":"closed","sticky":false,"template":"","format":"standard","meta":{"ub_ctt_via":"","_mi_skip_tracking":false},"categories":[446],"tags":[783],"featured_image_src":"https:\/\/www.messinaoggi.it\/website\/wp-content\/uploads\/2025\/08\/20250822_1731.jpg","author_info":{"display_name":"Admin","author_link":"https:\/\/www.messinaoggi.it\/website\/author\/admin\/"},"digistream_id":0,"digistream":false,"_links":{"self":[{"href":"https:\/\/www.messinaoggi.it\/website\/wp-json\/wp\/v2\/posts\/248443"}],"collection":[{"href":"https:\/\/www.messinaoggi.it\/website\/wp-json\/wp\/v2\/posts"}],"about":[{"href":"https:\/\/www.messinaoggi.it\/website\/wp-json\/wp\/v2\/types\/post"}],"author":[{"embeddable":true,"href":"https:\/\/www.messinaoggi.it\/website\/wp-json\/wp\/v2\/users\/18"}],"replies":[{"embeddable":true,"href":"https:\/\/www.messinaoggi.it\/website\/wp-json\/wp\/v2\/comments?post=248443"}],"version-history":[{"count":0,"href":"https:\/\/www.messinaoggi.it\/website\/wp-json\/wp\/v2\/posts\/248443\/revisions"}],"wp:featuredmedia":[{"embeddable":true,"href":"https:\/\/www.messinaoggi.it\/website\/wp-json\/wp\/v2\/media\/248444"}],"wp:attachment":[{"href":"https:\/\/www.messinaoggi.it\/website\/wp-json\/wp\/v2\/media?parent=248443"}],"wp:term":[{"taxonomy":"category","embeddable":true,"href":"https:\/\/www.messinaoggi.it\/website\/wp-json\/wp\/v2\/categories?post=248443"},{"taxonomy":"post_tag","embeddable":true,"href":"https:\/\/www.messinaoggi.it\/website\/wp-json\/wp\/v2\/tags?post=248443"}],"curies":[{"name":"wp","href":"https:\/\/api.w.org\/{rel}","templated":true}]}}