{"id":248439,"date":"2025-08-22T20:05:38","date_gmt":"2025-08-22T18:05:38","guid":{"rendered":"https:\/\/www.messinaoggi.it\/website\/2025\/08\/22\/argento-italia-con-di-liberto-ai-mondiali-di-canoa\/"},"modified":"2025-08-22T20:05:38","modified_gmt":"2025-08-22T18:05:38","slug":"argento-italia-con-di-liberto-ai-mondiali-di-canoa","status":"publish","type":"post","link":"https:\/\/www.messinaoggi.it\/website\/2025\/08\/22\/argento-italia-con-di-liberto-ai-mondiali-di-canoa\/","title":{"rendered":"Argento Italia con Di Liberto ai Mondiali di canoa"},"content":{"rendered":"<div>MILANO (ITALPRESS) &#8211;<strong> Si chiude con due medaglie d&#8217;argento e due finali conquistate la terza giornata dei Mondiali di canoa e paracanoa 2025<\/strong>. All&#8217;Idroscalo di Milano la prima medaglia azzurra \u00e8 stata di Andrea <strong>Di Liberto<\/strong>: l&#8217;azzurro ha conquistato l&#8217;argento nel K1 200 uomini chiudendo la gara a +0.25 dall&#8217;ungherese Kolos Csizmadia, terzo il georgiano Badri Kavelashvili.<div id=\"div-gpt-ad-Messinaoggi.it-DSK-300x250-corpoart\" style=\"text-align:center;margin:0 auto;\"><\/div><\/p>\n<p>Soddisfatto Di Liberto al termine della gara: <em>&#8220;E&#8217; stato un anno ricco di peripezie, \u00e8 cambiato un p\u00f2 tutto, c&#8217;\u00e8 stata una rivoluzione dentro lo staff federale, abbiamo cominciato un p\u00f2 in ritardo, ma \u00e8 un progetto che sta dando i suoi frutti. Io ho preso l&#8217;argento, il K4 \u00e8 tornato in finale mondiale dopo tantissimi anni, stiamo lavorando nella direzione giusta, dobbiamo semplicemente insistere con quello che stiamo facendo. Questa \u00e8 la prima medaglia italiana<\/em> &#8211; ha proseguito -,<em> sono fierissimo, \u00e8 un&#8217;emozione grande, anche se noi atleti non ci accontentiamo mai \u00e8 davvero bello festeggiare con tutte le persone che mi supportano sempre&#8221;.<\/em><div id=\"videoincontent\" style=\"clear:both\";><\/div><\/p>\n<p>Secondo posto anche per Viktoryia <strong>Pistis Shablova<\/strong> nella paracanoa. L&#8217;azzurra ha chiuso col tempo di 1:12.63, a +5.63 dalla tedesca Lauridsen<em>. &#8220;E&#8217; stato davvero molto emozionante<\/em> &#8211; ha dichiarato -,<em> fare una gara in casa \u00e8 davvero bello. Qui veniamo a fare i raduni, sono contenta. Un p\u00f2 di delusione c&#8217;\u00e8, mi sono preparata molto intensamente per questo mondiale, ma le avversarie sono davvero forti. Ero molto concentrata sulla gara, un&#8217;ora prima ho cercato di focalizzarmi, \u00e8 andata bene. Ed \u00e8 sempre bello vincere una medaglia con l&#8217;Italia&#8221;.<\/em><\/p>\n<p>Buon piazzamento per il K4 500m, tornato in una finale mondiale a vent&#8217;anni di distanza: settimo posto per Manfredi Rizza, Francesco Lanciotti, Nicol\u00f2 Volo e Giovanni Penato, a +1.75 dal Portogallo. Due invece le finali conquistate con Olympia Della Giustina (C1 500m donne) e Lucrezia Zironi (K1 500m donne) che si giocheranno una medaglia iridata. Domani la penultima giornata, con il KL2 200 maschile (Giuseppe Cotticelli in semifinale), il C2 500 maschile con Carlo Tacchini e Gabriele Casadei che tenter\u00e0 l&#8217;assalto alla finale. Quindi le tre finali della canoa e della paracanoa, a chiudere il programma Amanda Embriaco nel KL3 200 donne.<\/p>\n<p>&#8211; foto ufficio stampa Fick &#8211;<\/p>\n<p>(ITALPRESS).<\/p><\/div>\n","protected":false},"excerpt":{"rendered":"<p>MILANO (ITALPRESS) &#8211; Si chiude con due medaglie d&#8217;argento e due finali conquistate la terza giornata dei Mondiali di canoa e paracanoa 2025. All&#8217;Idroscalo di Milano la prima medaglia azzurra \u00e8 stata di Andrea Di Liberto: l&#8217;azzurro ha conquistato l&#8217;argento nel K1 200 uomini chiudendo la gara a +0.25 dall&#8217;ungherese Kolos Csizmadia, terzo il georgiano [&hellip;]<\/p>\n","protected":false},"author":18,"featured_media":248440,"comment_status":"closed","ping_status":"closed","sticky":false,"template":"","format":"standard","meta":{"ub_ctt_via":"","_mi_skip_tracking":false},"categories":[446],"tags":[783],"featured_image_src":"https:\/\/www.messinaoggi.it\/website\/wp-content\/uploads\/2025\/08\/20250822_1630.jpg","author_info":{"display_name":"Admin","author_link":"https:\/\/www.messinaoggi.it\/website\/author\/admin\/"},"digistream_id":0,"digistream":false,"_links":{"self":[{"href":"https:\/\/www.messinaoggi.it\/website\/wp-json\/wp\/v2\/posts\/248439"}],"collection":[{"href":"https:\/\/www.messinaoggi.it\/website\/wp-json\/wp\/v2\/posts"}],"about":[{"href":"https:\/\/www.messinaoggi.it\/website\/wp-json\/wp\/v2\/types\/post"}],"author":[{"embeddable":true,"href":"https:\/\/www.messinaoggi.it\/website\/wp-json\/wp\/v2\/users\/18"}],"replies":[{"embeddable":true,"href":"https:\/\/www.messinaoggi.it\/website\/wp-json\/wp\/v2\/comments?post=248439"}],"version-history":[{"count":0,"href":"https:\/\/www.messinaoggi.it\/website\/wp-json\/wp\/v2\/posts\/248439\/revisions"}],"wp:featuredmedia":[{"embeddable":true,"href":"https:\/\/www.messinaoggi.it\/website\/wp-json\/wp\/v2\/media\/248440"}],"wp:attachment":[{"href":"https:\/\/www.messinaoggi.it\/website\/wp-json\/wp\/v2\/media?parent=248439"}],"wp:term":[{"taxonomy":"category","embeddable":true,"href":"https:\/\/www.messinaoggi.it\/website\/wp-json\/wp\/v2\/categories?post=248439"},{"taxonomy":"post_tag","embeddable":true,"href":"https:\/\/www.messinaoggi.it\/website\/wp-json\/wp\/v2\/tags?post=248439"}],"curies":[{"name":"wp","href":"https:\/\/api.w.org\/{rel}","templated":true}]}}