{"id":248429,"date":"2025-08-22T18:05:32","date_gmt":"2025-08-22T16:05:32","guid":{"rendered":"https:\/\/www.messinaoggi.it\/website\/2025\/08\/22\/conte-siamo-i-campioni-inevitabile-essere-i-favoriti\/"},"modified":"2025-08-22T18:05:32","modified_gmt":"2025-08-22T16:05:32","slug":"conte-siamo-i-campioni-inevitabile-essere-i-favoriti","status":"publish","type":"post","link":"https:\/\/www.messinaoggi.it\/website\/2025\/08\/22\/conte-siamo-i-campioni-inevitabile-essere-i-favoriti\/","title":{"rendered":"Conte \u201cSiamo i campioni, inevitabile essere i favoriti\u201d"},"content":{"rendered":"<div>CASTEL VOLTURNO (ITALPRESS) &#8211; <em>&#8220;Senza Lukaku perdiamo un giocatore importante. Abbiamo uno scudetto sulle maglie ed \u00e8 inevitabile che sei il favorito. Anche se perdi tutti i calciatori<\/em>&#8220;. In queste parole l&#8217;amarezza di Antonio <strong>Conte<\/strong> per un infortunio che, a pochi giorni dal via ufficiale della stagione, ha sicuramente complicato i piani del suo Napoli. Niente drammi per\u00f2, anzi la voglia di superare le difficolt\u00e0. I problemi possono anche essere un motivo in pi\u00f9 per compattarsi, per trovare ulteriori motivazioni per dare il meglio e ottenere risultati. E&#8217; sempre stato il mantra di Conte e, alla vigilia del debutto in campionato in casa del Sassuolo e con lo scudetto sul petto, il tecnico salentino sottolinea proprio questi elementi.<div id=\"div-gpt-ad-Messinaoggi.it-DSK-300x250-corpoart\" style=\"text-align:center;margin:0 auto;\"><\/div><\/p>\n<p><em>&#8220;Quello di Lukaku \u00e8 uno stop importante, \u00e8 un giocatore che ha un peso specifico notevole. L&#8217;ha avuto nella vittoria dello scudetto ma sappiamo benissimo che possono capitare queste situazioni. Qualcosa di importante \u00e8 successo anche nella passata stagione e non riguardava gli infortuni<\/em> &#8211; spiega Conte probabilmente riferendosi alla cessione di Kvaratskhelia a gennaio -.<em> Eppure i ragazzi hanno fatto fronte a tutto. Non bisogna andare indietro a recriminazioni. Dobbiamo trovare la soluzione. A ogni difficolt\u00e0 non ci siamo pianti addosso. Con i ragazzi non ho parlato di Lukaku. Dobbiamo lavorare affinch\u00e8 quello che si ha a disposizione possa splendere il pi\u00f9 possibile&#8221;<\/em>.<div id=\"videoincontent\" style=\"clear:both\";><\/div><\/p>\n<p>Ripetersi sarebbe il massimo, difendere il tricolore cucito al petto \u00e8 quel che Conte e il suo gruppo si propongono.<em> &#8220;Qual \u00e8 la parola chiave per ripetersi? A questo gruppo non c&#8217;\u00e8 bisogno di ripetere niente. E&#8217; un gruppo serio con ragazzi responsabili che hanno voglia di lavorare e migliorarsi. Dopo il titolo del 2023 siamo arrivati decimi. Si vince tutti, si festeggia tutti, nell&#8217;eventualit\u00e0 si perde tutti. Siamo consci che sar\u00e0 un campionato difficile. Ci sono tante squadre attrezzate e noi dovremo fare del nostro meglio. Avendo vinto l&#8217;anno scorso abbiamo aperto tanti orizzonti anche a chi non ha vinto lo scudetto&#8221;<\/em>, ha aggiunto Conte che tornando sul lungo stop di Conte dice:<em> &#8220;Inevitabilmente bisogna lavorare e cercare delle soluzioni tecniche. Sappiamo benissimo che il 4-3-3 \u00e8 nelle corde di questa squadra. Abbiamo fatto anche acquisti mirati a questo modulo. Ma ci sono anche altre strade senza stravolgere le caratteristiche e la natura dei giocatori. Cos\u00ec come oggi stiamo valutando una terza opzione senza Lukaku&#8221;.<\/em><\/p>\n<p>Sono arrivati rinfozri importanti come De Bruyne e Lucca solo per fare due nomi, ma Conte preferisce non dare voti.<em> &#8220;Non parlo del mercato. Non penso tocchi a me dare giudizi sulla rosa. Ci sono gli esperti, gli addetti ai lavori che sono molto pi\u00f9 bravi perch\u00e8 fanno quello. Non l&#8217;ho mai data una valutazione. Posso dire che bisogna fare il massimo con quello che si ha a disposizione. Abbiamo ragionato cos\u00ec l&#8217;anno scorso e il risultato \u00e8 stato entusiasmante&#8221;<\/em>. Rinforzi anche tra i pali con l&#8217;arrivo di un estremo difensore del livello di Milinkovic Savic. <em>&#8220;Ho due portieri molto bravi. Non dimentico Contini. E&#8217; pronto anche lui. Si \u00e8 creato un bel clima. Far\u00f2 valutazioni di partita in partita. Mi fido di loro e loro sono a disposizione. Ho cercato di alzare il livello della competizione in porta&#8221;<\/em>, ha concluso Conte.<\/p>\n<p>&#8211; Foto Ipa Agency &#8211;<\/p>\n<p>(ITALPRESS).<\/p><\/div>\n","protected":false},"excerpt":{"rendered":"<p>CASTEL VOLTURNO (ITALPRESS) &#8211; &#8220;Senza Lukaku perdiamo un giocatore importante. Abbiamo uno scudetto sulle maglie ed \u00e8 inevitabile che sei il favorito. Anche se perdi tutti i calciatori&#8220;. In queste parole l&#8217;amarezza di Antonio Conte per un infortunio che, a pochi giorni dal via ufficiale della stagione, ha sicuramente complicato i piani del suo Napoli. [&hellip;]<\/p>\n","protected":false},"author":18,"featured_media":248430,"comment_status":"closed","ping_status":"closed","sticky":false,"template":"","format":"standard","meta":{"ub_ctt_via":"","_mi_skip_tracking":false},"categories":[446],"tags":[783],"featured_image_src":"https:\/\/www.messinaoggi.it\/website\/wp-content\/uploads\/2025\/08\/20250822_1057.jpg","author_info":{"display_name":"Admin","author_link":"https:\/\/www.messinaoggi.it\/website\/author\/admin\/"},"digistream_id":0,"digistream":false,"_links":{"self":[{"href":"https:\/\/www.messinaoggi.it\/website\/wp-json\/wp\/v2\/posts\/248429"}],"collection":[{"href":"https:\/\/www.messinaoggi.it\/website\/wp-json\/wp\/v2\/posts"}],"about":[{"href":"https:\/\/www.messinaoggi.it\/website\/wp-json\/wp\/v2\/types\/post"}],"author":[{"embeddable":true,"href":"https:\/\/www.messinaoggi.it\/website\/wp-json\/wp\/v2\/users\/18"}],"replies":[{"embeddable":true,"href":"https:\/\/www.messinaoggi.it\/website\/wp-json\/wp\/v2\/comments?post=248429"}],"version-history":[{"count":0,"href":"https:\/\/www.messinaoggi.it\/website\/wp-json\/wp\/v2\/posts\/248429\/revisions"}],"wp:featuredmedia":[{"embeddable":true,"href":"https:\/\/www.messinaoggi.it\/website\/wp-json\/wp\/v2\/media\/248430"}],"wp:attachment":[{"href":"https:\/\/www.messinaoggi.it\/website\/wp-json\/wp\/v2\/media?parent=248429"}],"wp:term":[{"taxonomy":"category","embeddable":true,"href":"https:\/\/www.messinaoggi.it\/website\/wp-json\/wp\/v2\/categories?post=248429"},{"taxonomy":"post_tag","embeddable":true,"href":"https:\/\/www.messinaoggi.it\/website\/wp-json\/wp\/v2\/tags?post=248429"}],"curies":[{"name":"wp","href":"https:\/\/api.w.org\/{rel}","templated":true}]}}