{"id":248427,"date":"2025-08-22T18:05:30","date_gmt":"2025-08-22T16:05:30","guid":{"rendered":"https:\/\/www.messinaoggi.it\/website\/2025\/08\/22\/gasperini-sincero-mi-aspettavo-un-mercato-piu-veloce\/"},"modified":"2025-08-22T18:05:30","modified_gmt":"2025-08-22T16:05:30","slug":"gasperini-sincero-mi-aspettavo-un-mercato-piu-veloce","status":"publish","type":"post","link":"https:\/\/www.messinaoggi.it\/website\/2025\/08\/22\/gasperini-sincero-mi-aspettavo-un-mercato-piu-veloce\/","title":{"rendered":"Gasperini sincero \u201cMi aspettavo un mercato pi\u00f9 veloce\u201d"},"content":{"rendered":"<div>ROMA (ITALPRESS) &#8211; <em>&#8220;Se mi aspettavo un mercato pi\u00f9 veloce? Indubbiamente s\u00ec, soprattutto per un allenatore nuovo che arriva e magari mette altre idee. Ma con i ragazzi abbiamo lavorato bene. Con quelli che sono partiti dall&#8217;inizio abbiamo fatto bene, gli altri sono arrivati a singhiozzo, poi c&#8217;\u00e8 stato questo stallo. Tutti noi vorremmo sempre partire con una rosa definita per poter sfruttare al meglio il periodo di preparazione, ma questo ormai \u00e8 diventato utopia&#8221;.<\/em> Cos\u00ec il tecnico della <strong>Roma,<\/strong> Gian Piero <strong>Gasperini,<\/strong> in conferenza stampa alla vigilia del debutto in campionato contro il <strong>Bologna.<\/strong> A chi gli chiede se gli fossero state fatte promesse, il tecnico giallorosso risponde:<em> &#8220;Chiaro che ti fai dei propositi, ma un conto sono i propositi e un conto \u00e8 la realizzazione. I propositi sono sempre validi e riconosciuti, poi la realizzazione magari ha tempi diversi&#8221;<\/em>.<div id=\"div-gpt-ad-Messinaoggi.it-DSK-300x250-corpoart\" style=\"text-align:center;margin:0 auto;\"><\/div><\/p>\n<p>Sul confronto tra gli attaccanti Ferguson e Dovbyk<em>: &#8220;Sono due &#8216;strument\u00ec diversi, mi sembrano in crescita entrambi sul piano dinamico e fisico. Domani Artem \u00e8 convocato, dobbiamo essere concentrati sulla partita. Poi, quello che succeder\u00e0 nei prossimi dieci giorni lo vedremo, non ho la sfera di cristallo&#8221;.<\/em> Proprio in vista del debutto in campionato domani sera all&#8217;Olimpico, Gasperini fa il punto su Dybala<em>: &#8220;E&#8217; rientrato ormai da dieci giorni, secondo me \u00e8 sulla strada giusta. Era partito bene nella preparazione, ha dovuto fermarsi un paio di settimane e ora \u00e8 ripartito. Secondo me non pu\u00f2 giocare novanta minuti, quindi o gioca dall&#8217;inizio o a partita in corso. L&#8217;infortunio di Bailey? Incredibile, siamo veramente dispiaciuti. Un peccato davvero. Al di l\u00e0 dell&#8217;immediatezza della partita, anche se non so quanto avrebbe potuto essere utile nell&#8217;immediato ma probabilmente s\u00ec, per l&#8217;entit\u00e0 dell&#8217;infortunio in un gesto veramente consueto&#8221;<\/em>.<div id=\"videoincontent\" style=\"clear:both\";><\/div><\/p>\n<p>L&#8217;ex allenatore dell&#8217;Atalanta, infine, si sofferma sul &#8216;cas\u00f2 Pellegrini:<em> &#8220;Mi sembra sia vicino al recupero. Sono arrivato che era infortunato e non ha mai potuto allenarsi con la squadra. Ho visto che c&#8217;\u00e8 una situazione non cos\u00ec chiara, non so perch\u00e8 non lo chiedete a lui o alla societ\u00e0. E&#8217; evidente che la societ\u00e0 non abbia intenzione di prolungargli il contratto ed \u00e8 evidente che Pellegrini abbia bisogno di giocare per ambire alla Nazionale e ai suoi obiettivi. Ho ereditato questa situazione e cerco di chiarirla: quello che sembra a me \u00e8 che se lui trova una soluzione adeguata \u00e8 contento di andare via ed \u00e8 contenta anche la societ\u00e0. Ma questa soluzione \u00e8 faticosa da trovare e quindi c&#8217;\u00e8 questo stallo&#8221;.<\/em><\/p>\n<p>&#8211; Foto Ipa Agency &#8211;<\/p>\n<p>(ITALPRESS).<\/p><\/div>\n","protected":false},"excerpt":{"rendered":"<p>ROMA (ITALPRESS) &#8211; &#8220;Se mi aspettavo un mercato pi\u00f9 veloce? Indubbiamente s\u00ec, soprattutto per un allenatore nuovo che arriva e magari mette altre idee. Ma con i ragazzi abbiamo lavorato bene. Con quelli che sono partiti dall&#8217;inizio abbiamo fatto bene, gli altri sono arrivati a singhiozzo, poi c&#8217;\u00e8 stato questo stallo. Tutti noi vorremmo sempre [&hellip;]<\/p>\n","protected":false},"author":18,"featured_media":248428,"comment_status":"closed","ping_status":"closed","sticky":false,"template":"","format":"standard","meta":{"ub_ctt_via":"","_mi_skip_tracking":false},"categories":[446],"tags":[783],"featured_image_src":"https:\/\/www.messinaoggi.it\/website\/wp-content\/uploads\/2025\/08\/20250822_0929.jpg","author_info":{"display_name":"Admin","author_link":"https:\/\/www.messinaoggi.it\/website\/author\/admin\/"},"digistream_id":0,"digistream":false,"_links":{"self":[{"href":"https:\/\/www.messinaoggi.it\/website\/wp-json\/wp\/v2\/posts\/248427"}],"collection":[{"href":"https:\/\/www.messinaoggi.it\/website\/wp-json\/wp\/v2\/posts"}],"about":[{"href":"https:\/\/www.messinaoggi.it\/website\/wp-json\/wp\/v2\/types\/post"}],"author":[{"embeddable":true,"href":"https:\/\/www.messinaoggi.it\/website\/wp-json\/wp\/v2\/users\/18"}],"replies":[{"embeddable":true,"href":"https:\/\/www.messinaoggi.it\/website\/wp-json\/wp\/v2\/comments?post=248427"}],"version-history":[{"count":0,"href":"https:\/\/www.messinaoggi.it\/website\/wp-json\/wp\/v2\/posts\/248427\/revisions"}],"wp:featuredmedia":[{"embeddable":true,"href":"https:\/\/www.messinaoggi.it\/website\/wp-json\/wp\/v2\/media\/248428"}],"wp:attachment":[{"href":"https:\/\/www.messinaoggi.it\/website\/wp-json\/wp\/v2\/media?parent=248427"}],"wp:term":[{"taxonomy":"category","embeddable":true,"href":"https:\/\/www.messinaoggi.it\/website\/wp-json\/wp\/v2\/categories?post=248427"},{"taxonomy":"post_tag","embeddable":true,"href":"https:\/\/www.messinaoggi.it\/website\/wp-json\/wp\/v2\/tags?post=248427"}],"curies":[{"name":"wp","href":"https:\/\/api.w.org\/{rel}","templated":true}]}}