{"id":248423,"date":"2025-08-22T15:00:31","date_gmt":"2025-08-22T13:00:31","guid":{"rendered":"https:\/\/www.messinaoggi.it\/website\/2025\/08\/22\/a-palermo-lultimo-saluto-a-francesco-musotto\/"},"modified":"2025-08-22T15:00:31","modified_gmt":"2025-08-22T13:00:31","slug":"a-palermo-lultimo-saluto-a-francesco-musotto","status":"publish","type":"post","link":"https:\/\/www.messinaoggi.it\/website\/2025\/08\/22\/a-palermo-lultimo-saluto-a-francesco-musotto\/","title":{"rendered":"A Palermo l\u2019ultimo saluto a Francesco Musotto"},"content":{"rendered":"<div>\n<p>PALERMO (ITALPRESS) \u2013 Ci sono rappresentanti politici del passato e del presente, avvocati, semplici amici, funzionari e dipendenti della Provincia di Palermo che avevano lavorato con lui:<strong> tutti si stringono attorno ai familiari di Francesco Musotto, l\u2019ex presidente della Provincia di Palermo ed europarlamentare scomparso mercoled\u00ec,<\/strong> che stamattina ha ricevuto l\u2019<strong>ultimo saluto a Mondello presso la parrocchia Maria SS. Assunta<\/strong>, piena fino all\u2019ultimo posto.<div id=\"div-gpt-ad-Messinaoggi.it-DSK-300x250-corpoart\" style=\"text-align:center;margin:0 auto;\"><\/div><\/p>\n<p>Tra le autorit\u00e0 presenti l\u2019assessore al Bilancio del Comune di Palermo Brigida Alaimo, il consigliere comunale Pasquale Terrani, in rappresentanza della Citt\u00e0 Metropolitana, il direttore generale della Provincia Nicola Vernuccio e il sindaco Pietro Musotto di Pollina, sua citt\u00e0 natale: altre figure politiche, di ogni colore, hanno invece scelto di sedersi tra il pubblico; tra questi Edy e Aristide Tamajo, Giulio Tantillo, Gianfranco Miccich\u00e8, Antonello Cracolici, Fabrizio Ferrara e l\u2019ex sindaco di Palermo Diego Cammarata.<div id=\"videoincontent\" style=\"clear:both\";><\/div><\/p>\n<p>A celebrare la funzione il parroco, don Dino Taormina: <em>\u201cMusotto \u00e8 stato donato alla societ\u00e0 per fare del bene alla nostra Sicilia e noi grati accogliamo il suo dono<\/em> \u2013 sottolinea \u2013 <em>Lo ringraziamo per quello che ha fatto per la societ\u00e0. Nella sofferenza e nella malattia sperimentiamo il valore delle grandi cose e il rispetto di quelle piccole: \u00e8 cos\u00ec che ha fatto lui, sentendosi accompagnato da una vita in cui ha affrontato le varie sfide con un percorso solido. Ne apprezziamo l\u2019impegno e la profusione che ha messo a disposizione della sua terra, nella politica come nell\u2019impegno civile\u201d.<\/em><\/p>\n<p>Alaimo traccia un ricordo dell\u2019ex presidente della Provincia, evidenziando come <em>\u201cPalermo perde un alto rappresentante delle istituzioni, un uomo che ha incarnato diversi ruoli con stile e con una capacit\u00e0 che non molti oggi hanno. Quando era presidente della Provincia Musotto riceveva numerosi studenti, alterati da alcune vicende: tra questi c\u2019ero io, che ero rappresentante d\u2019istituto, e mi diede una lezione dicendomi che anche chi fa politica pu\u00f2 e deve dire no; ci disse comunque che avrebbe trovato una soluzione ed effettivamente la trov\u00f2, cosa che ci stup\u00ec molto. Da rappresentante delle istituzioni non ha mai dimenticato la finalit\u00e0 principale della politica: stare al servizio della gente\u201d.<\/em> Anche Miccich\u00e8 celebra la figura di Musotto, che \u00e8 stato anche deputato dell\u2019Assemblea regionale siciliana: <em>\u201cPer essere onesti, specialmente in politica, esiste una sola condizione: essere irricattabile, cosa che Musotto era. Lui era spiritoso, era coraggioso, mandava a quel paese la gente: mi dispiace molto che qui tra le corone non ci sia quella dell\u2019Assemblea regionale\u201d.<\/em><\/p>\n<p>L\u2019urna contenente le ceneri del Presidente Francesco Musotto \u00e8 stata trasferita al cimitero di Pollina per essere tumulata nella tomba di famiglia.<\/p>\n<p>\u2013 foto xd8\/Italpress \u2013<\/p>\n<p>(ITALPRESS)<\/p>\n<\/div>\n","protected":false},"excerpt":{"rendered":"<p>PALERMO (ITALPRESS) \u2013 Ci sono rappresentanti politici del passato e del presente, avvocati, semplici amici, funzionari e dipendenti della Provincia di Palermo che avevano lavorato con lui: tutti si stringono attorno ai familiari di Francesco Musotto, l\u2019ex presidente della Provincia di Palermo ed europarlamentare scomparso mercoled\u00ec, che stamattina ha ricevuto l\u2019ultimo saluto a Mondello presso [&hellip;]<\/p>\n","protected":false},"author":18,"featured_media":248424,"comment_status":"closed","ping_status":"closed","sticky":false,"template":"","format":"standard","meta":{"ub_ctt_via":"","_mi_skip_tracking":false},"categories":[2449],"tags":[783],"featured_image_src":"https:\/\/www.messinaoggi.it\/website\/wp-content\/uploads\/2025\/08\/Musotto-1.jpg","author_info":{"display_name":"Admin","author_link":"https:\/\/www.messinaoggi.it\/website\/author\/admin\/"},"digistream_id":0,"digistream":false,"_links":{"self":[{"href":"https:\/\/www.messinaoggi.it\/website\/wp-json\/wp\/v2\/posts\/248423"}],"collection":[{"href":"https:\/\/www.messinaoggi.it\/website\/wp-json\/wp\/v2\/posts"}],"about":[{"href":"https:\/\/www.messinaoggi.it\/website\/wp-json\/wp\/v2\/types\/post"}],"author":[{"embeddable":true,"href":"https:\/\/www.messinaoggi.it\/website\/wp-json\/wp\/v2\/users\/18"}],"replies":[{"embeddable":true,"href":"https:\/\/www.messinaoggi.it\/website\/wp-json\/wp\/v2\/comments?post=248423"}],"version-history":[{"count":0,"href":"https:\/\/www.messinaoggi.it\/website\/wp-json\/wp\/v2\/posts\/248423\/revisions"}],"wp:featuredmedia":[{"embeddable":true,"href":"https:\/\/www.messinaoggi.it\/website\/wp-json\/wp\/v2\/media\/248424"}],"wp:attachment":[{"href":"https:\/\/www.messinaoggi.it\/website\/wp-json\/wp\/v2\/media?parent=248423"}],"wp:term":[{"taxonomy":"category","embeddable":true,"href":"https:\/\/www.messinaoggi.it\/website\/wp-json\/wp\/v2\/categories?post=248423"},{"taxonomy":"post_tag","embeddable":true,"href":"https:\/\/www.messinaoggi.it\/website\/wp-json\/wp\/v2\/tags?post=248423"}],"curies":[{"name":"wp","href":"https:\/\/api.w.org\/{rel}","templated":true}]}}