{"id":248420,"date":"2025-08-22T14:05:40","date_gmt":"2025-08-22T12:05:40","guid":{"rendered":"https:\/\/www.messinaoggi.it\/website\/2025\/08\/22\/allegri-nel-milan-deve-regnare-equilibrio-obiettivo-champions\/"},"modified":"2025-08-22T14:05:40","modified_gmt":"2025-08-22T12:05:40","slug":"allegri-nel-milan-deve-regnare-equilibrio-obiettivo-champions","status":"publish","type":"post","link":"https:\/\/www.messinaoggi.it\/website\/2025\/08\/22\/allegri-nel-milan-deve-regnare-equilibrio-obiettivo-champions\/","title":{"rendered":"Allegri \u201cNel Milan deve regnare equilibrio, obiettivo Champions\u201d"},"content":{"rendered":"<div>MILANO (ITALPRESS) &#8211;<em> &#8220;Nel Milan deve regnare l&#8217;equilibrio, il nostro obiettivo \u00e8 giocare la Champions l&#8217;anno prossimo senza porsi limiti&#8221;.<\/em> Lo ha detto il tecnico del <strong>Milan,<\/strong> Massimiliano <strong>Allegri,<\/strong> alla vigilia del debutto in campionato nel derby lombardo con la neo-promossa <strong>Cremonese.<\/strong> <em>&#8220;Il gruppo sta crescendo e pu\u00f2 fare tante cose<\/em> &#8211; ha aggiunto il mister rossonero in conferenza stampa &#8211; <em>Dobbiamo essere una squadra che rispetta ogni avversario, la vittoria va sempre conquistata sul campo, non \u00e8 che domani partiamo sul 2-0 perch\u00e8 ci chiamiamo Milan. Tutte le partite che giocheremo saranno difficili da vincere, soprattutto nel campionato italiano, dove c&#8217;\u00e8 tanta tattica&#8221;<\/em>.<em> &#8220;Domani iniziamo la stagione con una partita importante, c&#8217;\u00e8 molta curiosit\u00e0 da parte mia anche perch\u00e8 torno in panchina dopo un anno<\/em> &#8211; ha proseguito l&#8217;ex mister della Juve &#8211;<em> E&#8217; stato bello vedere cos\u00ec tante persone in Coppa Italia, anche domani ci saranno tanti tifosi. Dovremo cercare di lavorare bene e arrivare almeno fino a marzo nelle migliori condizioni possibili. Sono molto felice dei ragazzi, stanno diventando una squadra vera<\/em>&#8220;. Su Modric:<em> &#8220;Per lui parla la carriera, \u00e8 meraviglioso quando tocca la palla ed \u00e8 entrato con umilt\u00e0 nel gruppo. Non pu\u00f2 avere la fisicit\u00e0 di dieci anni fa, star\u00e0 a me cercare di gestirlo durante l&#8217;annata perch\u00e8 sar\u00e0 molto utile alla squadra, in campo e fuori&#8221;.<\/em><div id=\"div-gpt-ad-Messinaoggi.it-DSK-300x250-corpoart\" style=\"text-align:center;margin:0 auto;\"><\/div><\/p>\n<p>Allegri si \u00e8 detto soddisfatto del mercato fatto sin qui dal club:<em> &#8220;La societ\u00e0 ha fatto un buon lavoro sia in uscita che in entrata, tutti i giorni ci sentiamo con la dirigenza per capire gli obiettivi e vedere cosa potr\u00e0 accadere. Sono contento dei ragazzi che ho a disposizione, adesso per\u00f2 l&#8217;importante \u00e8 la partita di domani sera&#8221;.<\/em> Allegri ha concluso con una battuta: <em>&#8220;E&#8217; un anno che sto fermo, non so domani come mi comporter\u00f2, speriamo di non fare danni e che i ragazzi mi regalino la vittoria al rientro in panchina&#8221;.<\/em><div id=\"videoincontent\" style=\"clear:both\";><\/div><\/p>\n<p>&#8211; Foto Ipa Agency &#8211;<\/p>\n<p>(ITALPRESS).<\/p><\/div>\n","protected":false},"excerpt":{"rendered":"<p>MILANO (ITALPRESS) &#8211; &#8220;Nel Milan deve regnare l&#8217;equilibrio, il nostro obiettivo \u00e8 giocare la Champions l&#8217;anno prossimo senza porsi limiti&#8221;. Lo ha detto il tecnico del Milan, Massimiliano Allegri, alla vigilia del debutto in campionato nel derby lombardo con la neo-promossa Cremonese. &#8220;Il gruppo sta crescendo e pu\u00f2 fare tante cose &#8211; ha aggiunto il [&hellip;]<\/p>\n","protected":false},"author":18,"featured_media":248421,"comment_status":"closed","ping_status":"closed","sticky":false,"template":"","format":"standard","meta":{"ub_ctt_via":"","_mi_skip_tracking":false},"categories":[446],"tags":[783],"featured_image_src":"https:\/\/www.messinaoggi.it\/website\/wp-content\/uploads\/2025\/08\/20250822_0520.jpg","author_info":{"display_name":"Admin","author_link":"https:\/\/www.messinaoggi.it\/website\/author\/admin\/"},"digistream_id":0,"digistream":false,"_links":{"self":[{"href":"https:\/\/www.messinaoggi.it\/website\/wp-json\/wp\/v2\/posts\/248420"}],"collection":[{"href":"https:\/\/www.messinaoggi.it\/website\/wp-json\/wp\/v2\/posts"}],"about":[{"href":"https:\/\/www.messinaoggi.it\/website\/wp-json\/wp\/v2\/types\/post"}],"author":[{"embeddable":true,"href":"https:\/\/www.messinaoggi.it\/website\/wp-json\/wp\/v2\/users\/18"}],"replies":[{"embeddable":true,"href":"https:\/\/www.messinaoggi.it\/website\/wp-json\/wp\/v2\/comments?post=248420"}],"version-history":[{"count":0,"href":"https:\/\/www.messinaoggi.it\/website\/wp-json\/wp\/v2\/posts\/248420\/revisions"}],"wp:featuredmedia":[{"embeddable":true,"href":"https:\/\/www.messinaoggi.it\/website\/wp-json\/wp\/v2\/media\/248421"}],"wp:attachment":[{"href":"https:\/\/www.messinaoggi.it\/website\/wp-json\/wp\/v2\/media?parent=248420"}],"wp:term":[{"taxonomy":"category","embeddable":true,"href":"https:\/\/www.messinaoggi.it\/website\/wp-json\/wp\/v2\/categories?post=248420"},{"taxonomy":"post_tag","embeddable":true,"href":"https:\/\/www.messinaoggi.it\/website\/wp-json\/wp\/v2\/tags?post=248420"}],"curies":[{"name":"wp","href":"https:\/\/api.w.org\/{rel}","templated":true}]}}