{"id":248418,"date":"2025-08-22T14:05:38","date_gmt":"2025-08-22T12:05:38","guid":{"rendered":"https:\/\/www.messinaoggi.it\/website\/2025\/08\/22\/polonara-riabbraccia-sassari-felice-e-onorato-di-tornare-a-casa\/"},"modified":"2025-08-22T14:05:38","modified_gmt":"2025-08-22T12:05:38","slug":"polonara-riabbraccia-sassari-felice-e-onorato-di-tornare-a-casa","status":"publish","type":"post","link":"https:\/\/www.messinaoggi.it\/website\/2025\/08\/22\/polonara-riabbraccia-sassari-felice-e-onorato-di-tornare-a-casa\/","title":{"rendered":"Polonara riabbraccia Sassari \u201cFelice e onorato di tornare a casa\u201d"},"content":{"rendered":"<div>SASSARI (ITALPRESS) &#8211; Un potenziale innesto di grande spessore per la <strong>Dinamo Banco di Sardegna:<\/strong> il club ha annunciato il raggiungimento di un&#8217;intesa, una volta che le condizioni glielo consentano, per il ritorno in biancoblu di <strong>Achille Polonara<\/strong>, che ritrover\u00e0 Sassari dopo sei stagioni vissute ai vertici del basket europeo con le maglie di Baskonia, Fenerbahce, Efes, Zalgiris Kaunas e Virtus Bologna.<div id=\"div-gpt-ad-Messinaoggi.it-DSK-300x250-corpoart\" style=\"text-align:center;margin:0 auto;\"><\/div><\/p>\n<p>La 33enne ala grande anconetana sta lottando con la leucemia e salter\u00e0 con la Nazionale gli ormai imminenti Europei di basket .<em> &#8220;L&#8217;intesa suggella ancora una volta il legame profondo che unisce Achille alla Dinamo: un rapporto di reciproca stima e fiducia che ha dato vita al suo rientro in Sardegna. Il club crede fermamente nel percorso di recupero dell&#8217;atleta e nel suo contributo tecnico e umano, certo che Polonara abbia ancora intatte le qualit\u00e0 che lo hanno reso uno dei giocatori italiani pi\u00f9 apprezzati a livello internazionale&#8221;,<\/em> si legge nel comunicato della Dinamo.<div id=\"videoincontent\" style=\"clear:both\";><\/div><\/p>\n<p>Determinante, nel dialogo tra le parti, \u00e8 stato il rapporto personale instaurato nel tempo con il presidente Stefano Sardara e l&#8217;ad Francesco Sardara, nonch\u00e8 il lavoro silenzioso e costante del direttore generale Jack Devecchi. A Sassari, una volta ripresosi, Polonara potr\u00e0 proseguire la propria carriera con la serenit\u00e0 di un ambiente familiare e al tempo stesso vivere quotidianamente il gruppo dei Giganti, condividendo il cammino che nei prossimi mesi lo riporter\u00e0 sul parquet. Il ritorno del giocatore marchigiano riporta alla memoria le due intense stagioni vissute in Sardegna tra il 2017 e il 2019: due anni che lo hanno visto accompagnare la Dinamo alla conquista della FIBA Europe Cup e a un passo dallo scudetto, lasciando un ricordo indelebile tra i tifosi e aprendo le porte alla sua successiva esperienza in Eurolega.<\/p>\n<p>Ora, coach Massimo Bulleri e i nuovi compagni lo attendono a braccia aperte per scrivere insieme delle nuove pagine di storia della Dinamo.<em> &#8220;Siamo felici di comunicare il raggiungimento di un&#8217;intesa per il ritorno di Achille, un eccezionale atleta e un amico prezioso, il cui attaccamento alla Sardegna, alla citt\u00e0 e alla Dinamo ha sempre rappresentato un esempio per tutti noi<\/em>\u00a0&#8211; le parole dell&#8217;ad della societ\u00e0 sarda, Francesco <strong>Sardara<\/strong> &#8211;<em> Achille non \u00e8 soltanto un giocatore di talento, ma anche un simbolo dei valori e dell&#8217;orgoglio che la nostra terra e i nostri giganti cercano di trasmettere quotidianamente. Sono sicuro che in questo momento estremamente delicato della sua vita l&#8217;abbraccio dei nostri tifosi e della Sardegna possano farlo sentire a casa. Ben tornato, Achille. Non vediamo l&#8217;ora di rivederti in campo con noi non appena possibile&#8221;.<\/em><\/p>\n<p>Cos\u00ec Achille Polonara: <em>&#8220;Sono estremamente felice e onorato di poter tornare a &#8216;cas\u00e0. Ringrazio il presidente Stefano Sardara, l&#8217;amministratore delegato Francesco Sardara, il direttore generale Jack Devecchi e l&#8217;allenatore Massimo Bulleri per avermi dato questa opportunit\u00e0 in un momento delicato dal punto di vista personale. Sono convinto che la Dinamo far\u00e0 una grande stagione e insieme ci potremo togliere delle belle soddisfazioni. Non vedo l&#8217;ora di riabbracciarvi tutti presto&#8221;.<\/em><\/p>\n<p>&#8211; Foto Ipa Agency &#8211;<\/p>\n<p>(ITALPRESS).<\/p><\/div>\n","protected":false},"excerpt":{"rendered":"<p>SASSARI (ITALPRESS) &#8211; Un potenziale innesto di grande spessore per la Dinamo Banco di Sardegna: il club ha annunciato il raggiungimento di un&#8217;intesa, una volta che le condizioni glielo consentano, per il ritorno in biancoblu di Achille Polonara, che ritrover\u00e0 Sassari dopo sei stagioni vissute ai vertici del basket europeo con le maglie di Baskonia, [&hellip;]<\/p>\n","protected":false},"author":18,"featured_media":248419,"comment_status":"closed","ping_status":"closed","sticky":false,"template":"","format":"standard","meta":{"ub_ctt_via":"","_mi_skip_tracking":false},"categories":[446],"tags":[783],"featured_image_src":"https:\/\/www.messinaoggi.it\/website\/wp-content\/uploads\/2025\/08\/20250822_0408.jpg","author_info":{"display_name":"Admin","author_link":"https:\/\/www.messinaoggi.it\/website\/author\/admin\/"},"digistream_id":0,"digistream":false,"_links":{"self":[{"href":"https:\/\/www.messinaoggi.it\/website\/wp-json\/wp\/v2\/posts\/248418"}],"collection":[{"href":"https:\/\/www.messinaoggi.it\/website\/wp-json\/wp\/v2\/posts"}],"about":[{"href":"https:\/\/www.messinaoggi.it\/website\/wp-json\/wp\/v2\/types\/post"}],"author":[{"embeddable":true,"href":"https:\/\/www.messinaoggi.it\/website\/wp-json\/wp\/v2\/users\/18"}],"replies":[{"embeddable":true,"href":"https:\/\/www.messinaoggi.it\/website\/wp-json\/wp\/v2\/comments?post=248418"}],"version-history":[{"count":0,"href":"https:\/\/www.messinaoggi.it\/website\/wp-json\/wp\/v2\/posts\/248418\/revisions"}],"wp:featuredmedia":[{"embeddable":true,"href":"https:\/\/www.messinaoggi.it\/website\/wp-json\/wp\/v2\/media\/248419"}],"wp:attachment":[{"href":"https:\/\/www.messinaoggi.it\/website\/wp-json\/wp\/v2\/media?parent=248418"}],"wp:term":[{"taxonomy":"category","embeddable":true,"href":"https:\/\/www.messinaoggi.it\/website\/wp-json\/wp\/v2\/categories?post=248418"},{"taxonomy":"post_tag","embeddable":true,"href":"https:\/\/www.messinaoggi.it\/website\/wp-json\/wp\/v2\/tags?post=248418"}],"curies":[{"name":"wp","href":"https:\/\/api.w.org\/{rel}","templated":true}]}}