{"id":248416,"date":"2025-08-22T14:05:37","date_gmt":"2025-08-22T12:05:37","guid":{"rendered":"https:\/\/www.messinaoggi.it\/website\/2025\/08\/22\/mattarella-abbiamo-bisogno-di-costruttori-di-pace\/"},"modified":"2025-08-22T14:05:37","modified_gmt":"2025-08-22T12:05:37","slug":"mattarella-abbiamo-bisogno-di-costruttori-di-pace","status":"publish","type":"post","link":"https:\/\/www.messinaoggi.it\/website\/2025\/08\/22\/mattarella-abbiamo-bisogno-di-costruttori-di-pace\/","title":{"rendered":"Mattarella \u201cAbbiamo bisogno di costruttori di pace\u201d"},"content":{"rendered":"<div>ROMA (ITALPRESS) &#8211; &#8220;<em>Il Meeting continua la sua storia proponendo nuove occasioni di incontro, di riflessione, di amicizia, di cultura. Un evento che ha messo radici nella societ\u00e0 italiana e che ancora ambisce ad ampliare gli spazi di dialogo, a scavare oltre la superficie del nostro tempo per comprendere come la persona e le comunit\u00e0 possano, nelle trasformazioni, restare protagoniste&#8221;.<\/em> Cos\u00ec il presidente della Repubblica, <strong>Sergio Mattarella,<\/strong> nel messaggio inviato al Presidente della Fondazione Meeting per l&#8217;amicizia fra i popoli, Bernhard Scholz.<div id=\"div-gpt-ad-Messinaoggi.it-DSK-300x250-corpoart\" style=\"text-align:center;margin:0 auto;\"><\/div><\/p>\n<p><em> &#8220;Desidero anzitutto esprimere il saluto pi\u00f9 caloroso agli organizzatori, ai volontari, ai giovani impegnati per la riuscita del Meeting e a coloro che ne saranno ospiti. Per questa 46a edizione&#8221;<\/em> al via oggi<em> &#8220;\u00e8 stato scelto il titolo: &#8216;Nei luoghi deserti costruiremo con mattoni nuov\u00ec. Una citazione che \u00e8 anche una sfida, come tradizione per le giornate di Rimini. Abbiamo bisogno di costruttori di comunit\u00e0. Costruttori di convivenza, di pace, di partecipazione, di solidariet\u00e0. Costruttori di una societ\u00e0 capace di governare i mutamenti restando umana nelle fondamenta e nella civilt\u00e0. Non possiamo dare per scontate le conquiste che le precedenti generazioni ci hanno trasmesso&#8221;<\/em>, ha spiegato.<div id=\"videoincontent\" style=\"clear:both\";><\/div><\/p>\n<p><em>&#8220;Libert\u00e0, democrazia, pace, modello sociale, vanno continuamente rigenerati nella fedelt\u00e0 ai loro presupposti valoriali. Rigenerati e condivisi. Le straordinarie facolt\u00e0 e opportunit\u00e0 che scienza e tecnologie ci consegnano non bastano a garantire un sicuro e autentico progresso. Il tempo che viviamo \u00e8 segnato anche dagli orrori di guerre che pensavamo di aver cancellato dalla storia, da volont\u00e0 di potenza che tornano a mostrarsi minacciosamente, da egoismi personali e di gruppo, da spinte omologanti, da discriminazioni, povert\u00e0, solitudini&#8221;<\/em>, ha ribadito Mattarella.<\/p>\n<p><em>&#8220;Non dobbiamo farci vincere dalle complessit\u00e0 e dalle paure. Le comunit\u00e0 deperiscono dove prevale il disimpegno o l&#8217;indifferenza. Costruire \u00e8 rimettersi in cammino nella storia. Anche se questo richiede di attraversare territori difficili. Il calo demografico ha ridotto la presenza dei giovani nella societ\u00e0. Ma nessuna societ\u00e0 che voglia avere futuro pu\u00f2 rinunciare all&#8217;apporto dei giovani e ai loro &#8216;mattoni nuov\u00ec. Le stagioni che cambiano richiedono forze, idee, energie nuove. Non \u00e8 vero che cos\u00ec rischiano di disperdersi i valori: cos\u00ec i valori pi\u00f9 profondi possono trasmettersi e dare nuovi frutti. Costruire vuol dire avere speranza. La speranza \u00e8 il nutrimento pi\u00f9 prezioso di una societ\u00e0. Si diffonde soltanto nell&#8217;amicizia e nella solidariet\u00e0. Questo \u00e8 anche l&#8217;augurio pi\u00f9 intenso che rivolgo al Meeting che sta per cominciare&#8221;<\/em>, ha concluso Mattarella.<\/p>\n<p>&#8211; foto Ipa Agency &#8211;<\/p>\n<p>(ITALPRESS).<\/p><\/div>\n","protected":false},"excerpt":{"rendered":"<p>ROMA (ITALPRESS) &#8211; &#8220;Il Meeting continua la sua storia proponendo nuove occasioni di incontro, di riflessione, di amicizia, di cultura. Un evento che ha messo radici nella societ\u00e0 italiana e che ancora ambisce ad ampliare gli spazi di dialogo, a scavare oltre la superficie del nostro tempo per comprendere come la persona e le comunit\u00e0 [&hellip;]<\/p>\n","protected":false},"author":18,"featured_media":248417,"comment_status":"closed","ping_status":"closed","sticky":false,"template":"","format":"standard","meta":{"ub_ctt_via":"","_mi_skip_tracking":false},"categories":[446],"tags":[783],"featured_image_src":"https:\/\/www.messinaoggi.it\/website\/wp-content\/uploads\/2025\/08\/20250822_0373.jpg","author_info":{"display_name":"Admin","author_link":"https:\/\/www.messinaoggi.it\/website\/author\/admin\/"},"digistream_id":0,"digistream":false,"_links":{"self":[{"href":"https:\/\/www.messinaoggi.it\/website\/wp-json\/wp\/v2\/posts\/248416"}],"collection":[{"href":"https:\/\/www.messinaoggi.it\/website\/wp-json\/wp\/v2\/posts"}],"about":[{"href":"https:\/\/www.messinaoggi.it\/website\/wp-json\/wp\/v2\/types\/post"}],"author":[{"embeddable":true,"href":"https:\/\/www.messinaoggi.it\/website\/wp-json\/wp\/v2\/users\/18"}],"replies":[{"embeddable":true,"href":"https:\/\/www.messinaoggi.it\/website\/wp-json\/wp\/v2\/comments?post=248416"}],"version-history":[{"count":0,"href":"https:\/\/www.messinaoggi.it\/website\/wp-json\/wp\/v2\/posts\/248416\/revisions"}],"wp:featuredmedia":[{"embeddable":true,"href":"https:\/\/www.messinaoggi.it\/website\/wp-json\/wp\/v2\/media\/248417"}],"wp:attachment":[{"href":"https:\/\/www.messinaoggi.it\/website\/wp-json\/wp\/v2\/media?parent=248416"}],"wp:term":[{"taxonomy":"category","embeddable":true,"href":"https:\/\/www.messinaoggi.it\/website\/wp-json\/wp\/v2\/categories?post=248416"},{"taxonomy":"post_tag","embeddable":true,"href":"https:\/\/www.messinaoggi.it\/website\/wp-json\/wp\/v2\/tags?post=248416"}],"curies":[{"name":"wp","href":"https:\/\/api.w.org\/{rel}","templated":true}]}}