{"id":248414,"date":"2025-08-22T14:05:34","date_gmt":"2025-08-22T12:05:34","guid":{"rendered":"https:\/\/www.messinaoggi.it\/website\/2025\/08\/22\/fontana-serve-piu-determinazione-contro-le-violenze-ai-cristiani\/"},"modified":"2025-08-22T14:05:34","modified_gmt":"2025-08-22T12:05:34","slug":"fontana-serve-piu-determinazione-contro-le-violenze-ai-cristiani","status":"publish","type":"post","link":"https:\/\/www.messinaoggi.it\/website\/2025\/08\/22\/fontana-serve-piu-determinazione-contro-le-violenze-ai-cristiani\/","title":{"rendered":"Fontana \u201cServe pi\u00f9 determinazione contro le violenze ai cristiani\u201d"},"content":{"rendered":"<div>ROMA (ITALPRESS) &#8211; &#8220;<em>In questa Giornata il mio pensiero e la mia vicinanza sono rivolti, in particolare, agli oltre 300 milioni di cristiani perseguitati nel mondo e ai familiari di chi \u00e8 stato ucciso per la propria fede. Un dramma troppo spesso silenzioso sul quale si deve porre maggiore attenzione e impegno a livello globale. Prevenire e contrastare violenze e persecuzioni contro i credenti \u00e8 una priorit\u00e0 che mi auguro possa essere sempre pi\u00f9 all&#8217;attenzione della comunit\u00e0 internazionale&#8221;.<\/em> Cos\u00ec il Presidente della Camera dei deputati, <strong>Lorenzo Fontana<\/strong>, nella Giornata internazionale di commemorazione delle vittime degli atti di violenza su base religiosa o di credo.<div id=\"div-gpt-ad-Messinaoggi.it-DSK-300x250-corpoart\" style=\"text-align:center;margin:0 auto;\"><\/div><\/p>\n<p>&#8211; foto: Ipa Agency &#8211;<div id=\"videoincontent\" style=\"clear:both\";><\/div><\/p>\n<p>(ITALPRESS).<\/p><\/div>\n","protected":false},"excerpt":{"rendered":"<p>ROMA (ITALPRESS) &#8211; &#8220;In questa Giornata il mio pensiero e la mia vicinanza sono rivolti, in particolare, agli oltre 300 milioni di cristiani perseguitati nel mondo e ai familiari di chi \u00e8 stato ucciso per la propria fede. Un dramma troppo spesso silenzioso sul quale si deve porre maggiore attenzione e impegno a livello globale. [&hellip;]<\/p>\n","protected":false},"author":18,"featured_media":248415,"comment_status":"closed","ping_status":"closed","sticky":false,"template":"","format":"standard","meta":{"ub_ctt_via":"","_mi_skip_tracking":false},"categories":[446],"tags":[783],"featured_image_src":"https:\/\/www.messinaoggi.it\/website\/wp-content\/uploads\/2025\/08\/20250822_0302.jpg","author_info":{"display_name":"Admin","author_link":"https:\/\/www.messinaoggi.it\/website\/author\/admin\/"},"digistream_id":0,"digistream":false,"_links":{"self":[{"href":"https:\/\/www.messinaoggi.it\/website\/wp-json\/wp\/v2\/posts\/248414"}],"collection":[{"href":"https:\/\/www.messinaoggi.it\/website\/wp-json\/wp\/v2\/posts"}],"about":[{"href":"https:\/\/www.messinaoggi.it\/website\/wp-json\/wp\/v2\/types\/post"}],"author":[{"embeddable":true,"href":"https:\/\/www.messinaoggi.it\/website\/wp-json\/wp\/v2\/users\/18"}],"replies":[{"embeddable":true,"href":"https:\/\/www.messinaoggi.it\/website\/wp-json\/wp\/v2\/comments?post=248414"}],"version-history":[{"count":0,"href":"https:\/\/www.messinaoggi.it\/website\/wp-json\/wp\/v2\/posts\/248414\/revisions"}],"wp:featuredmedia":[{"embeddable":true,"href":"https:\/\/www.messinaoggi.it\/website\/wp-json\/wp\/v2\/media\/248415"}],"wp:attachment":[{"href":"https:\/\/www.messinaoggi.it\/website\/wp-json\/wp\/v2\/media?parent=248414"}],"wp:term":[{"taxonomy":"category","embeddable":true,"href":"https:\/\/www.messinaoggi.it\/website\/wp-json\/wp\/v2\/categories?post=248414"},{"taxonomy":"post_tag","embeddable":true,"href":"https:\/\/www.messinaoggi.it\/website\/wp-json\/wp\/v2\/tags?post=248414"}],"curies":[{"name":"wp","href":"https:\/\/api.w.org\/{rel}","templated":true}]}}